{"id":4037,"date":"2022-11-22T08:11:14","date_gmt":"2022-11-22T07:11:14","guid":{"rendered":"https:\/\/www.fundacionmanantial.org\/la-profesionalizacion-de-mi-trabajo\/"},"modified":"2022-11-22T08:11:14","modified_gmt":"2022-11-22T07:11:14","slug":"la-profesionalizacion-de-mi-trabajo","status":"publish","type":"post","link":"https:\/\/www.fundacionmanantial.org\/en\/la-profesionalizacion-de-mi-trabajo\/","title":{"rendered":"&#8220;La profesionalizaci\u00f3n de mi trabajo&#8221;"},"content":{"rendered":"\n<p>D\u00eda a d\u00eda en todos los \u00e1mbitos, aplicamos metodolog\u00edas de forma sistem\u00e1tica y sin valorar resultados, <strong>actuando por inercia y sin cuestionarnos si lo que hacemos ejerce algo positivo en los dem\u00e1s y en nosotros mismos.<\/strong> Esto lo extrapolamos al campo profesional y vemos que, muchas veces, erramos en no replantearnos el trabajado que hacemos cada d\u00eda. <\/p>\n\n\n\n<p>Muchos profesionales, por estr\u00e9s, falta de tiempo, etc. tendemos a tener una postura que yo determinar\u00eda como &#8220;robotizada&#8221; y sin miras al futuro. Tuve la oportunidad de que me recordase una segunda persona, que tanto en el trabajo como en la vida, <strong>hay que cuestionar si lo que hacemos da resultados positivos<\/strong>.<\/p>\n\n\n\n<p>Evidentemente, el curso al que asist\u00ed virtualmente &#8220;La profesionalizaci\u00f3n de mi trabajo&#8221;, fue impartido con el objetivo de investigar y evaluar los resultados aplicados en nuestro entorno laboral, pero creo que <strong>es algo que debemos llevarnos en todos los aspectos de la vida y hacernos mejorar, tanto personal como profesionalmente<\/strong>.<\/p>\n\n\n\n<div style=\"height:42px\" aria-hidden=\"true\" class=\"wp-block-spacer\"><\/div>\n\n\n\n<p><em>Beatriz Uriarte, Residencia Vila-real (Castell\u00f3n)<\/em><\/p>\n\n\n\n<div style=\"height:53px\" aria-hidden=\"true\" class=\"wp-block-spacer\"><\/div>\n","protected":false},"excerpt":{"rendered":"<p>D\u00eda a d\u00eda en todos los \u00e1mbitos, aplicamos metodolog\u00edas de forma sistem\u00e1tica y sin valorar resultados, actuando por inercia y sin cuestionarnos si lo que hacemos ejerce algo positivo en los dem\u00e1s y en nosotros mismos. Esto lo extrapolamos al campo profesional y vemos que, muchas veces, erramos en no replantearnos el trabajado que hacemos [&hellip;]<\/p>\n","protected":false},"author":1,"featured_media":3910,"comment_status":"open","ping_status":"closed","sticky":false,"template":"","format":"standard","meta":{"_acf_changed":false,"give_campaign_id":0,"_seopress_robots_primary_cat":"","_seopress_titles_title":"","_seopress_titles_desc":"","_seopress_robots_index":"","footnotes":""},"categories":[41],"tags":[698,60,84,85,706,413,65,152],"class_list":["post-4037","post","type-post","status-publish","format-standard","has-post-thumbnail","hentry","category-blog-salud-mental","tag-conocimiento","tag-empleo","tag-formacion","tag-fundacion-manantial","tag-organizaciones-saludables","tag-proposito","tag-salud-mental","tag-trabajo"],"acf":[],"_links":{"self":[{"href":"https:\/\/www.fundacionmanantial.org\/en\/wp-json\/wp\/v2\/posts\/4037","targetHints":{"allow":["GET"]}}],"collection":[{"href":"https:\/\/www.fundacionmanantial.org\/en\/wp-json\/wp\/v2\/posts"}],"about":[{"href":"https:\/\/www.fundacionmanantial.org\/en\/wp-json\/wp\/v2\/types\/post"}],"author":[{"embeddable":true,"href":"https:\/\/www.fundacionmanantial.org\/en\/wp-json\/wp\/v2\/users\/1"}],"replies":[{"embeddable":true,"href":"https:\/\/www.fundacionmanantial.org\/en\/wp-json\/wp\/v2\/comments?post=4037"}],"version-history":[{"count":0,"href":"https:\/\/www.fundacionmanantial.org\/en\/wp-json\/wp\/v2\/posts\/4037\/revisions"}],"wp:featuredmedia":[{"embeddable":true,"href":"https:\/\/www.fundacionmanantial.org\/en\/wp-json\/wp\/v2\/media\/3910"}],"wp:attachment":[{"href":"https:\/\/www.fundacionmanantial.org\/en\/wp-json\/wp\/v2\/media?parent=4037"}],"wp:term":[{"taxonomy":"category","embeddable":true,"href":"https:\/\/www.fundacionmanantial.org\/en\/wp-json\/wp\/v2\/categories?post=4037"},{"taxonomy":"post_tag","embeddable":true,"href":"https:\/\/www.fundacionmanantial.org\/en\/wp-json\/wp\/v2\/tags?post=4037"}],"curies":[{"name":"wp","href":"https:\/\/api.w.org\/{rel}","templated":true}]}}