{"id":4035,"date":"2022-11-07T13:30:00","date_gmt":"2022-11-07T12:30:00","guid":{"rendered":"https:\/\/www.fundacionmanantial.org\/9-nombres-maria-huertas-zarco\/"},"modified":"2022-11-07T13:30:00","modified_gmt":"2022-11-07T12:30:00","slug":"9-nombres-maria-huertas-zarco","status":"publish","type":"post","link":"https:\/\/www.fundacionmanantial.org\/en\/9-nombres-maria-huertas-zarco\/","title":{"rendered":"&#8220;9 nombres&#8221;, Mar\u00eda Huertas Zarco"},"content":{"rendered":"\n<p>El 4 de noviembre hicimos una salida conjunta con personas usuarias del\u00a0CRIS\u00a0y Centro de D\u00eda &#8220;La Ribera&#8221; (Carcaixent). Tuvimos el placer de acudir a la presentaci\u00f3n del libro <strong><a rel=\"noreferrer noopener\" href=\"https:\/\/es.babelio.com\/livres\/Huertas-Zarco-Nueve-nombres\/136583#:~:text=Terminaba%20cada%20relato%20con%20la,que%20se%20les%20arrebatara%20todo\" target=\"_blank\">\u201c9 nombres\u201d de Mar\u00eda Huertas\u00a0Zarco<\/a><\/strong>\u00a0(psiquiatra, activista y escritora con perspectiva feminista) en el <a rel=\"noreferrer noopener\" href=\"https:\/\/ivam.es\/es\/\" target=\"_blank\">Instituto Valenciano de Arte Moderno (IVAM)<\/a> de la ciudad de Valencia, organizado por las compa\u00f1eras del\u00a0CRIS\u00a0y Centro de D\u00eda San Pau de Valencia. Y a partir de ah\u00ed, la participaci\u00f3n en el evento se plante\u00f3 como una acci\u00f3n propuesta desde nuestro <strong>espacio de tertulia literaria y del Programa de Derechos\u00a0Humanos<\/strong> del Centro de D\u00eda.<\/p>\n\n\n\n<p><br>Disfrutamos mucho de las reflexiones de la autora, de <strong>su postura cr\u00edtica hacia la vulneraci\u00f3n de derechos m\u00e1s b\u00e1sicos de las personas con sufrimiento ps\u00edquico<\/strong>, de la <strong>importancia de recibir un buen trato ante todo<\/strong>.<\/p>\n\n\n\n<p><br>Contextualizando en base a su experiencia, mirada cr\u00edtica y constructiva hacia las\u00a0<strong>pr\u00e1cticas deshumanizadas del pasado, la carencia de perspectiva feminista en la atenci\u00f3n y\u00a0el tratamiento que se presta en muchos servicios en la actualidad<\/strong>, supone insistir\u00a0y en el planteamiento de nuevos retos de cara al futuro.<\/p>\n\n\n\n<p><br>El coloquio despert\u00f3 mucha inquietud, inter\u00e9s y ganas de compartir experiencias en primera persona por parte de todas las personas asistentes.<\/p>\n\n\n\n<p><br>Despu\u00e9s de la charla, aprovechamos para compartir todo aquello que nos hab\u00eda suscitado, y algunas personas se animaron a adquirir el libro para conocer el trasfondo y <strong>la historia de las nueve protagonistas<\/strong>. Despu\u00e9s aprovechamos para almorzar, y visitar algunas de las exposiciones del museo.<\/p>\n\n\n\n<p><br>Fue una jornada muy motivante, provechosa y diversa.<\/p>\n\n\n\n<div style=\"height:40px\" aria-hidden=\"true\" class=\"wp-block-spacer\"><\/div>\n\n\n\n<p><em>Centro de D\u00eda &#8220;La Ribera&#8221; (Carcaixent, Valencia)<\/em><\/p>\n\n\n\n<div style=\"height:53px\" aria-hidden=\"true\" class=\"wp-block-spacer\"><\/div>\n","protected":false},"excerpt":{"rendered":"<p>El 4 de noviembre hicimos una salida conjunta con personas usuarias del\u00a0CRIS\u00a0y Centro de D\u00eda &#8220;La Ribera&#8221; (Carcaixent). Tuvimos el placer de acudir a la presentaci\u00f3n del libro \u201c9 nombres\u201d de Mar\u00eda Huertas\u00a0Zarco\u00a0(psiquiatra, activista y escritora con perspectiva feminista) en el Instituto Valenciano de Arte Moderno (IVAM) de la ciudad de Valencia, organizado por las [&hellip;]<\/p>\n","protected":false},"author":1,"featured_media":4036,"comment_status":"open","ping_status":"closed","sticky":false,"template":"","format":"standard","meta":{"_acf_changed":false,"give_campaign_id":0,"_seopress_robots_primary_cat":"","_seopress_titles_title":"","_seopress_titles_desc":"","_seopress_robots_index":"","footnotes":""},"categories":[41],"tags":[65],"class_list":["post-4035","post","type-post","status-publish","format-standard","has-post-thumbnail","hentry","category-blog-salud-mental","tag-salud-mental"],"acf":[],"_links":{"self":[{"href":"https:\/\/www.fundacionmanantial.org\/en\/wp-json\/wp\/v2\/posts\/4035","targetHints":{"allow":["GET"]}}],"collection":[{"href":"https:\/\/www.fundacionmanantial.org\/en\/wp-json\/wp\/v2\/posts"}],"about":[{"href":"https:\/\/www.fundacionmanantial.org\/en\/wp-json\/wp\/v2\/types\/post"}],"author":[{"embeddable":true,"href":"https:\/\/www.fundacionmanantial.org\/en\/wp-json\/wp\/v2\/users\/1"}],"replies":[{"embeddable":true,"href":"https:\/\/www.fundacionmanantial.org\/en\/wp-json\/wp\/v2\/comments?post=4035"}],"version-history":[{"count":0,"href":"https:\/\/www.fundacionmanantial.org\/en\/wp-json\/wp\/v2\/posts\/4035\/revisions"}],"wp:featuredmedia":[{"embeddable":true,"href":"https:\/\/www.fundacionmanantial.org\/en\/wp-json\/wp\/v2\/media\/4036"}],"wp:attachment":[{"href":"https:\/\/www.fundacionmanantial.org\/en\/wp-json\/wp\/v2\/media?parent=4035"}],"wp:term":[{"taxonomy":"category","embeddable":true,"href":"https:\/\/www.fundacionmanantial.org\/en\/wp-json\/wp\/v2\/categories?post=4035"},{"taxonomy":"post_tag","embeddable":true,"href":"https:\/\/www.fundacionmanantial.org\/en\/wp-json\/wp\/v2\/tags?post=4035"}],"curies":[{"name":"wp","href":"https:\/\/api.w.org\/{rel}","templated":true}]}}