{"id":4033,"date":"2022-10-26T13:37:00","date_gmt":"2022-10-26T12:37:00","guid":{"rendered":"https:\/\/www.fundacionmanantial.org\/abrimos-nuestras-puertas-a-la-comunidad\/"},"modified":"2022-10-26T13:37:00","modified_gmt":"2022-10-26T12:37:00","slug":"abrimos-nuestras-puertas-a-la-comunidad","status":"publish","type":"post","link":"https:\/\/www.fundacionmanantial.org\/en\/abrimos-nuestras-puertas-a-la-comunidad\/","title":{"rendered":"Abrimos nuestras puertas a la comunidad"},"content":{"rendered":"\n<p>El 20 de octubre, los <strong>recursos de rehabilitaci\u00f3n psicosocial de Fuenlabrada<\/strong> (Residencia, Equipo de Apoyo Social Comunitaria, Centro de D\u00eda, Centro de Rehabilitaci\u00f3n Laboral y  Centro de Rehabilitaci\u00f3n Psicosocial) celebraron su I <strong>Jornada de Puertas Abiertas<\/strong>, para ello se confeccion\u00f3 el siguiente programa:<\/p>\n\n\n\n<figure class=\"wp-block-image size-full\"><img decoding=\"async\" src=\"https:\/\/elastic-antonelli.5-250-189-237.plesk.page\/\/wp-content\/uploads\/2022\/11\/puertas-abiertas-fuenlabrada.jpg\" alt=\"\" class=\"wp-image-17753\"\/><\/figure>\n\n\n\n<p>Contamos con la colaboraci\u00f3n de la <strong>Asociaci\u00f3n de vecinos de La Avanzada y su grupo de sevillanas, la charanga del Centro de Mayores Ram\u00f3n Rubial y la m\u00fasica de Katia, artista y arteterapeuta<\/strong> que viene colaborando con <strong>Fundaci\u00f3n Manantial, <\/strong>as\u00ed como con una<strong> exposici\u00f3n de cuadros de Mar\u00eda Rosa Morla, pintora novel<\/strong>. El evento tuvo como objetivo establecer relaciones con vecinos y vecinas del barrio y otras entidades del municipio fuenlabre\u00f1o, y result\u00f3 ser un \u00e9xito.<\/p>\n\n\n\n<figure class=\"wp-block-image size-large\"><img decoding=\"async\" src=\"https:\/\/elastic-antonelli.5-250-189-237.plesk.page\/\/wp-content\/uploads\/2022\/11\/puertas-abiertas-fuenlabrada-baile-1024x768.jpg\" alt=\"\" class=\"wp-image-17755\"\/><\/figure>\n\n\n\n<div style=\"height:50px\" aria-hidden=\"true\" class=\"wp-block-spacer\"><\/div>\n","protected":false},"excerpt":{"rendered":"<p>El 20 de octubre, los recursos de rehabilitaci\u00f3n psicosocial de Fuenlabrada (Residencia, Equipo de Apoyo Social Comunitaria, Centro de D\u00eda, Centro de Rehabilitaci\u00f3n Laboral y Centro de Rehabilitaci\u00f3n Psicosocial) celebraron su I Jornada de Puertas Abiertas, para ello se confeccion\u00f3 el siguiente programa: Contamos con la colaboraci\u00f3n de la Asociaci\u00f3n de vecinos de La Avanzada [&hellip;]<\/p>\n","protected":false},"author":1,"featured_media":4034,"comment_status":"open","ping_status":"closed","sticky":false,"template":"","format":"standard","meta":{"_acf_changed":false,"give_campaign_id":0,"_seopress_robots_primary_cat":"","_seopress_titles_title":"","_seopress_titles_desc":"","_seopress_robots_index":"","footnotes":""},"categories":[41],"tags":[124,662,107,219,85,64,65,111,667],"class_list":["post-4033","post","type-post","status-publish","format-standard","has-post-thumbnail","hentry","category-blog-salud-mental","tag-comunidad","tag-contra-el-estigma","tag-estigma","tag-fuenlabrada","tag-fundacion-manantial","tag-recuperacion","tag-salud-mental","tag-sensibilizacion","tag-superacion"],"acf":[],"_links":{"self":[{"href":"https:\/\/www.fundacionmanantial.org\/en\/wp-json\/wp\/v2\/posts\/4033","targetHints":{"allow":["GET"]}}],"collection":[{"href":"https:\/\/www.fundacionmanantial.org\/en\/wp-json\/wp\/v2\/posts"}],"about":[{"href":"https:\/\/www.fundacionmanantial.org\/en\/wp-json\/wp\/v2\/types\/post"}],"author":[{"embeddable":true,"href":"https:\/\/www.fundacionmanantial.org\/en\/wp-json\/wp\/v2\/users\/1"}],"replies":[{"embeddable":true,"href":"https:\/\/www.fundacionmanantial.org\/en\/wp-json\/wp\/v2\/comments?post=4033"}],"version-history":[{"count":0,"href":"https:\/\/www.fundacionmanantial.org\/en\/wp-json\/wp\/v2\/posts\/4033\/revisions"}],"wp:featuredmedia":[{"embeddable":true,"href":"https:\/\/www.fundacionmanantial.org\/en\/wp-json\/wp\/v2\/media\/4034"}],"wp:attachment":[{"href":"https:\/\/www.fundacionmanantial.org\/en\/wp-json\/wp\/v2\/media?parent=4033"}],"wp:term":[{"taxonomy":"category","embeddable":true,"href":"https:\/\/www.fundacionmanantial.org\/en\/wp-json\/wp\/v2\/categories?post=4033"},{"taxonomy":"post_tag","embeddable":true,"href":"https:\/\/www.fundacionmanantial.org\/en\/wp-json\/wp\/v2\/tags?post=4033"}],"curies":[{"name":"wp","href":"https:\/\/api.w.org\/{rel}","templated":true}]}}