{"id":4031,"date":"2022-10-25T09:01:00","date_gmt":"2022-10-25T08:01:00","guid":{"rendered":"https:\/\/www.fundacionmanantial.org\/vii-jornadas-participativas-de-salud-mental-abiertamente\/"},"modified":"2022-10-25T09:01:00","modified_gmt":"2022-10-25T08:01:00","slug":"vii-jornadas-participativas-de-salud-mental-abiertamente","status":"publish","type":"post","link":"https:\/\/www.fundacionmanantial.org\/en\/vii-jornadas-participativas-de-salud-mental-abiertamente\/","title":{"rendered":"VII Jornadas Participativas de Salud Mental Abiertamente"},"content":{"rendered":"\n<p>La pasada semana del 17 al 21 de octubre celebramos en Vallecas las <strong>VII Jornadas Participativas de Salud Mental Abiertamente<\/strong>, unas jornadas que tiene como objetivos <strong>promocionar el cuidado de la salud mental y mejorar la percepci\u00f3n social que se tiene sobre el trastorno mental<\/strong>. <\/p>\n\n\n\n<p>Las jornadas las organizamos los diferentes recursos, tanto p\u00fablicos como privados, que trabajamos en el campo de la salud mental en los distritos de <strong>Puente de Vallecas y Villa de Vallecas<\/strong>. Es una semana donde los diferentes recursos realizamos actividades de todo tipo: deportivas, culturales, informativas, espacios de reflexi\u00f3n, y recreativas dirigidas a todo el p\u00fablico, es decir, <strong>abiertas a todo el vecindario<\/strong>.&nbsp;<\/p>\n\n\n\n<p><strong><a rel=\"noreferrer noopener\" href=\"https:\/\/elastic-antonelli.5-250-189-237.plesk.page\/casa-verde\/\" data-type=\"URL\" data-id=\"https:\/\/elastic-antonelli.5-250-189-237.plesk.page\/casa-verde\/\" target=\"_blank\">Casa Verde<\/a><\/strong> participa en la organizaci\u00f3n de las mismas y tambi\u00e9n realiza una actividad dentro de la semana dirigida hacia el p\u00fablico infantil y familiar: <strong>\u201cHumor por la Salud Mental\u201d<\/strong>. Para esta actividad, se cont\u00f3 con la colaboraci\u00f3n de otra asociaci\u00f3n de Vallecas, Clownectando, que se dedican a hacer actuaciones de clown. <\/p>\n\n\n\n<p>La actividad estaba pensada para desarrollarla al aire libre la tarde del jueves 20 de octubre, en un parque cerca de Casa Verde, entendiendo que <strong>si queremos acercarnos al barrio hay que salir al barrio<\/strong>, tal y como ya hab\u00edamos hecho el a\u00f1o pasado. Ten\u00edamos los permisos, gente voluntaria para que nos ayudara a perimetrar el espacio que \u00edbamos a utilizar, el sistema de sonido preparado, todo estaba listo excepto el clima, que ese d\u00eda le dio por llover lo que no hab\u00eda llovido en meses. <\/p>\n\n\n\n<p>Aun as\u00ed, la lluvia no impidi\u00f3 que tuvi\u00e9ramos <strong>una divertida tarde de payasos y risas<\/strong>, ya que reaccionamos con rapidez y realizamos la actividad en el local, en la misma Casa Verde, la cual se llen\u00f3 de familias que, desafiando a la tormenta, se acercaron al local para disfrutar de la actividad, una actuaci\u00f3n muy divertida que nos hizo re\u00edr durante toda la tarde.<\/p>\n\n\n\n<p>Puedes seguir las diferentes actividades que se han llevado a cabo en el Instagram de las Jornadas: <a rel=\"noreferrer noopener\" href=\"https:\/\/www.instagram.com\/abiertamentevallecas\/\" data-type=\"URL\" data-id=\"https:\/\/www.instagram.com\/abiertamentevallecas\/\" target=\"_blank\">abiertamentevallecas<\/a>.<\/p>\n\n\n\n<div style=\"height:67px\" aria-hidden=\"true\" class=\"wp-block-spacer\"><\/div>\n","protected":false},"excerpt":{"rendered":"<p>La pasada semana del 17 al 21 de octubre celebramos en Vallecas las VII Jornadas Participativas de Salud Mental Abiertamente, unas jornadas que tiene como objetivos promocionar el cuidado de la salud mental y mejorar la percepci\u00f3n social que se tiene sobre el trastorno mental. Las jornadas las organizamos los diferentes recursos, tanto p\u00fablicos como [&hellip;]<\/p>\n","protected":false},"author":1,"featured_media":4032,"comment_status":"open","ping_status":"closed","sticky":false,"template":"","format":"standard","meta":{"_acf_changed":false,"give_campaign_id":0,"_seopress_robots_primary_cat":"","_seopress_titles_title":"","_seopress_titles_desc":"","_seopress_robots_index":"","footnotes":""},"categories":[41],"tags":[174,704,705,85,98,69,100,64,65,111],"class_list":["post-4031","post","type-post","status-publish","format-standard","has-post-thumbnail","hentry","category-blog-salud-mental","tag-casa-verde","tag-clown","tag-diversion","tag-fundacion-manantial","tag-infancia","tag-ocio","tag-prevencion","tag-recuperacion","tag-salud-mental","tag-sensibilizacion"],"acf":[],"_links":{"self":[{"href":"https:\/\/www.fundacionmanantial.org\/en\/wp-json\/wp\/v2\/posts\/4031","targetHints":{"allow":["GET"]}}],"collection":[{"href":"https:\/\/www.fundacionmanantial.org\/en\/wp-json\/wp\/v2\/posts"}],"about":[{"href":"https:\/\/www.fundacionmanantial.org\/en\/wp-json\/wp\/v2\/types\/post"}],"author":[{"embeddable":true,"href":"https:\/\/www.fundacionmanantial.org\/en\/wp-json\/wp\/v2\/users\/1"}],"replies":[{"embeddable":true,"href":"https:\/\/www.fundacionmanantial.org\/en\/wp-json\/wp\/v2\/comments?post=4031"}],"version-history":[{"count":0,"href":"https:\/\/www.fundacionmanantial.org\/en\/wp-json\/wp\/v2\/posts\/4031\/revisions"}],"wp:featuredmedia":[{"embeddable":true,"href":"https:\/\/www.fundacionmanantial.org\/en\/wp-json\/wp\/v2\/media\/4032"}],"wp:attachment":[{"href":"https:\/\/www.fundacionmanantial.org\/en\/wp-json\/wp\/v2\/media?parent=4031"}],"wp:term":[{"taxonomy":"category","embeddable":true,"href":"https:\/\/www.fundacionmanantial.org\/en\/wp-json\/wp\/v2\/categories?post=4031"},{"taxonomy":"post_tag","embeddable":true,"href":"https:\/\/www.fundacionmanantial.org\/en\/wp-json\/wp\/v2\/tags?post=4031"}],"curies":[{"name":"wp","href":"https:\/\/api.w.org\/{rel}","templated":true}]}}