{"id":4030,"date":"2022-11-14T08:50:22","date_gmt":"2022-11-14T07:50:22","guid":{"rendered":"https:\/\/www.fundacionmanantial.org\/el-mito-de-la-cronicidad\/"},"modified":"2022-11-14T08:50:22","modified_gmt":"2022-11-14T07:50:22","slug":"el-mito-de-la-cronicidad","status":"publish","type":"post","link":"https:\/\/www.fundacionmanantial.org\/en\/el-mito-de-la-cronicidad\/","title":{"rendered":"&#8220;El mito de la cronicidad&#8221;"},"content":{"rendered":"\n<p><strong>\u00bfEstoy enfermo \/a? \u00bfPor qu\u00e9 estoy triste?<\/strong> <\/p>\n\n\n\n<p>La conferencia de <a rel=\"noreferrer noopener\" href=\"https:\/\/www.linkedin.com\/in\/miguel-angel-castej%C3%B3n-bellmunt-489a44198\/?originalSubdomain=es\" data-type=\"URL\" data-id=\"https:\/\/www.linkedin.com\/in\/miguel-angel-castej%C3%B3n-bellmunt-489a44198\/?originalSubdomain=es\" target=\"_blank\">Miguel Castej\u00f3n<\/a> sobre el &#8220;mito de la cronicidad&#8221; nos acerca a un viaje fascinante entre\u00a0<strong>la hist\u00f3rica guerra entre la ciencia y las emociones<\/strong>. El modelo biom\u00e9dico parece predominar pese a la falta de pruebas pero desde mi percepci\u00f3n, la ciencia tiene complicado poder entrar en lo subjetivo \u201c<em>en lo que yo tengo pero otros no ven<\/em>\u201d. La pregunta podr\u00eda ser si se pueden estudiar cient\u00edficamente los problemas de salud mental. En una ocasi\u00f3n tuve la suerte de escuchar a un compa\u00f1ero hablar sobre la <strong>necesidad humana de valer<\/strong>. La val\u00eda entendida como la necesidad de ser necesitado y el ser necesitado como sin\u00f3nimo de merecer. Para que todo esto se pueda dar es fundamental que exista una relaci\u00f3n interpersonal que nos conecte con el mundo, con las personas. Porque al final, la valoraci\u00f3n es una necesidad para poder vivir. La relaci\u00f3n de encuentro con el otro que se favorece en nuestros centros es una oportunidad para poder hacer o sentir de una forma diferente. Como bien dec\u00eda Miguel, <strong>es necesario buscar modelos de trabajo donde la gente pueda\u00a0relacionarse con m\u00e1s gente herida o triste. Poder normalizar estas emociones puede ofrecer una aplicaci\u00f3n pr\u00e1ctica dentro de nuestro bienestar emocional.<\/strong><\/p>\n\n\n\n<p>Los <strong>mitos <\/strong>son narraciones del pasado que intentan dar respuesta a cuestiones que pod\u00edan parecer inexplicables y, por otro lado, el concepto de <strong>cronicidad <\/strong>proviene de la Medicina y se refiere a la larga duraci\u00f3n de una enfermedad o a su resistencia a las terapias. Todo esto me convoca para poder <strong>pensar y reflexionar sobre la idea de enfermedad, porque no es suficiente encontrar una causa gen\u00e9tica para decir que hay una enfermedad<\/strong>. <strong>El sufrimiento, el hecho de sufrir o padecer dolor f\u00edsico o moral, quiz\u00e1s abarca mucho m\u00e1s de lo que la ciencia puede explicar.<\/strong><\/p>\n\n\n\n<div style=\"height:31px\" aria-hidden=\"true\" class=\"wp-block-spacer\"><\/div>\n\n\n\n<p><em>Bianca Gallego de Castro. Centro de D\u00eda &#8220;Parla&#8221;.<\/em><\/p>\n\n\n\n<div style=\"height:58px\" aria-hidden=\"true\" class=\"wp-block-spacer\"><\/div>\n","protected":false},"excerpt":{"rendered":"<p>\u00bfEstoy enfermo \/a? \u00bfPor qu\u00e9 estoy triste? La conferencia de Miguel Castej\u00f3n sobre el &#8220;mito de la cronicidad&#8221; nos acerca a un viaje fascinante entre\u00a0la hist\u00f3rica guerra entre la ciencia y las emociones. El modelo biom\u00e9dico parece predominar pese a la falta de pruebas pero desde mi percepci\u00f3n, la ciencia tiene complicado poder entrar en [&hellip;]<\/p>\n","protected":false},"author":1,"featured_media":3910,"comment_status":"open","ping_status":"closed","sticky":false,"template":"","format":"standard","meta":{"_acf_changed":false,"give_campaign_id":0,"_seopress_robots_primary_cat":"","_seopress_titles_title":"","_seopress_titles_desc":"","_seopress_robots_index":"","footnotes":""},"categories":[41],"tags":[662,702,703,253,84,85,64,516,65,111],"class_list":["post-4030","post","type-post","status-publish","format-standard","has-post-thumbnail","hentry","category-blog-salud-mental","tag-contra-el-estigma","tag-cronicidad","tag-enfermedad","tag-enfermedad-mental","tag-formacion","tag-fundacion-manantial","tag-recuperacion","tag-rehabilitacion","tag-salud-mental","tag-sensibilizacion"],"acf":[],"_links":{"self":[{"href":"https:\/\/www.fundacionmanantial.org\/en\/wp-json\/wp\/v2\/posts\/4030","targetHints":{"allow":["GET"]}}],"collection":[{"href":"https:\/\/www.fundacionmanantial.org\/en\/wp-json\/wp\/v2\/posts"}],"about":[{"href":"https:\/\/www.fundacionmanantial.org\/en\/wp-json\/wp\/v2\/types\/post"}],"author":[{"embeddable":true,"href":"https:\/\/www.fundacionmanantial.org\/en\/wp-json\/wp\/v2\/users\/1"}],"replies":[{"embeddable":true,"href":"https:\/\/www.fundacionmanantial.org\/en\/wp-json\/wp\/v2\/comments?post=4030"}],"version-history":[{"count":0,"href":"https:\/\/www.fundacionmanantial.org\/en\/wp-json\/wp\/v2\/posts\/4030\/revisions"}],"wp:featuredmedia":[{"embeddable":true,"href":"https:\/\/www.fundacionmanantial.org\/en\/wp-json\/wp\/v2\/media\/3910"}],"wp:attachment":[{"href":"https:\/\/www.fundacionmanantial.org\/en\/wp-json\/wp\/v2\/media?parent=4030"}],"wp:term":[{"taxonomy":"category","embeddable":true,"href":"https:\/\/www.fundacionmanantial.org\/en\/wp-json\/wp\/v2\/categories?post=4030"},{"taxonomy":"post_tag","embeddable":true,"href":"https:\/\/www.fundacionmanantial.org\/en\/wp-json\/wp\/v2\/tags?post=4030"}],"curies":[{"name":"wp","href":"https:\/\/api.w.org\/{rel}","templated":true}]}}