{"id":4027,"date":"2022-11-10T13:48:28","date_gmt":"2022-11-10T12:48:28","guid":{"rendered":"https:\/\/www.fundacionmanantial.org\/jardineria-contra-la-soledad-no-deseada-en-salud-mental\/"},"modified":"2022-11-10T13:48:28","modified_gmt":"2022-11-10T12:48:28","slug":"jardineria-contra-la-soledad-no-deseada-en-salud-mental","status":"publish","type":"post","link":"https:\/\/www.fundacionmanantial.org\/en\/jardineria-contra-la-soledad-no-deseada-en-salud-mental\/","title":{"rendered":"Jardiner\u00eda contra la soledad no deseada en salud mental"},"content":{"rendered":"\n<p class=\"has-text-align-right\"><em>\u201cSi quieres ir r\u00e1pido ve solo, si quieres llegar lejos ve acompa\u00f1ado\u201d<\/em>.<\/p>\n\n\n\n<div style=\"height:38px\" aria-hidden=\"true\" class=\"wp-block-spacer\"><\/div>\n\n\n\n<p>Rodearse de cosas bonitas&nbsp;y&nbsp;cuidar los detalles en aquello&nbsp;que realizamos cada d\u00eda, imprime&nbsp;un efecto&nbsp;positivo en nuestro estado de \u00e1nimo. Tal y como nos ense\u00f1a Luisa junto al grupo de &#8220;tarritos decorativos de jardiner\u00eda&#8221; (Juana, Manoli, Amelia, Chesca, Vanessa),&nbsp;<strong>podemos rodearnos de belleza sin da\u00f1ar el presupuesto de nuestro bolsillo<\/strong>, reciclando tarros de legumbres, y convirti\u00e9ndolos en maceteros \u00fanicos y decorativos para las plantitas arom\u00e1ticas de nuestra cocina .<\/p>\n\n\n\n<p><br>En&nbsp; la actividad de <strong>jardiner\u00eda de plantas arom\u00e1ticas que&nbsp;estamos realizando en Vila-real (Castell\u00f3n),&nbsp;pensamos que es&nbsp; la cultura del ir&nbsp;despacito&nbsp; la forma m\u00e1s r\u00e1pida de hacer las cosas bien.&nbsp;<\/strong><\/p>\n\n\n\n<p><br>Elena hoy nos explica junto a Iv\u00e1n y el grupo de participantes que se encargan de realizar el calendario de plantaci\u00f3n y las fichas t\u00e9cnicas (los dos Pedros, Vanessa, Juan Antonio y Miguel) <strong>qu\u00e9 semillas&nbsp;nos conviene plantar<\/strong>. Atentamente escuchamos todos y, sobre todo, el grupo de riego que es primordial para nuestra misi\u00f3n, <strong>la tarea que a todos nos une: que salgan adelante las mesas de cultivo.<\/strong> Por eso, El katimi, Luisa, Iv\u00e1n y Juan Antonio se organizan en grupos de dos para que el&nbsp;riego no falte en el proceso de crecimiento de las semillas.<br>&nbsp;<\/p>\n\n\n\n<p>Y es que hacer las cosas en&nbsp;&nbsp;un grupo&nbsp; de personas que van tomando decisiones y creando el proyecto, y que adem\u00e1s se va conociendo entre charlas en el jard\u00edn, mientras organizamos la tarea, implica mucho m\u00e1s que solo hacer la tarea de jardiner\u00eda.&nbsp;<strong>Atiende al&nbsp;bienestar y al buen conocerse, a fuego lento, como se tejen los v\u00ednculos sociales que nos hacen sentirnos acompa\u00f1ados y se hacen las cosas que verdaderamente valen la pena.<\/strong><\/p>\n\n\n\n<p><br>Esta actividad se lleva a cabo desde el programa de prevenci\u00f3n&nbsp;e inclusi\u00f3n social de la soledad no deseada para personas&nbsp;con sufrimiento mental de Fundaci\u00f3n Manantial. El programa cuenta con la colaboraci\u00f3n de la&nbsp;<a rel=\"noreferrer noopener\" href=\"https:\/\/www.san.gva.es\/\" target=\"_blank\">Conselleria de Sanidad Universal y Salud P\u00fablica<\/a>, la&nbsp;<a rel=\"noreferrer noopener\" href=\"https:\/\/inclusio.gva.es\/es\/\" target=\"_blank\">Conselleria de Igualdad y Pol\u00edticas Inclusivas<\/a>, y el patrocinio de&nbsp;<a rel=\"noreferrer noopener\" href=\"https:\/\/www.janssen.com\/spain\/\" target=\"_blank\">Janssen<\/a>.<\/p>\n\n\n\n<p>Si est\u00e1s interesado\/a&nbsp;en participar,&nbsp;no dudes en contactar&nbsp;enviando un mail a&nbsp;<a rel=\"noreferrer noopener\" href=\"mailto:mlnavarromacian@fundacionmanantial.org\" target=\"_blank\">mlnavarromacian@fundacion<\/a><a rel=\"noreferrer noopener\" href=\"http:\/\/manantial.org\/\" target=\"_blank\">manantial.org<\/a><\/p>\n\n\n\n<div style=\"height:49px\" aria-hidden=\"true\" class=\"wp-block-spacer\"><\/div>\n","protected":false},"excerpt":{"rendered":"<p>\u201cSi quieres ir r\u00e1pido ve solo, si quieres llegar lejos ve acompa\u00f1ado\u201d. Rodearse de cosas bonitas&nbsp;y&nbsp;cuidar los detalles en aquello&nbsp;que realizamos cada d\u00eda, imprime&nbsp;un efecto&nbsp;positivo en nuestro estado de \u00e1nimo. Tal y como nos ense\u00f1a Luisa junto al grupo de &#8220;tarritos decorativos de jardiner\u00eda&#8221; (Juana, Manoli, Amelia, Chesca, Vanessa),&nbsp;podemos rodearnos de belleza sin da\u00f1ar el [&hellip;]<\/p>\n","protected":false},"author":1,"featured_media":4028,"comment_status":"open","ping_status":"closed","sticky":false,"template":"","format":"standard","meta":{"_acf_changed":false,"give_campaign_id":0,"_seopress_robots_primary_cat":"","_seopress_titles_title":"","_seopress_titles_desc":"","_seopress_robots_index":"","footnotes":""},"categories":[41],"tags":[124,125,253,107,699,64,516,65,111,144,667],"class_list":["post-4027","post","type-post","status-publish","format-standard","has-post-thumbnail","hentry","category-blog-salud-mental","tag-comunidad","tag-comunidad-valenciana","tag-enfermedad-mental","tag-estigma","tag-jardineria","tag-recuperacion","tag-rehabilitacion","tag-salud-mental","tag-sensibilizacion","tag-soledad","tag-superacion"],"acf":[],"_links":{"self":[{"href":"https:\/\/www.fundacionmanantial.org\/en\/wp-json\/wp\/v2\/posts\/4027","targetHints":{"allow":["GET"]}}],"collection":[{"href":"https:\/\/www.fundacionmanantial.org\/en\/wp-json\/wp\/v2\/posts"}],"about":[{"href":"https:\/\/www.fundacionmanantial.org\/en\/wp-json\/wp\/v2\/types\/post"}],"author":[{"embeddable":true,"href":"https:\/\/www.fundacionmanantial.org\/en\/wp-json\/wp\/v2\/users\/1"}],"replies":[{"embeddable":true,"href":"https:\/\/www.fundacionmanantial.org\/en\/wp-json\/wp\/v2\/comments?post=4027"}],"version-history":[{"count":0,"href":"https:\/\/www.fundacionmanantial.org\/en\/wp-json\/wp\/v2\/posts\/4027\/revisions"}],"wp:featuredmedia":[{"embeddable":true,"href":"https:\/\/www.fundacionmanantial.org\/en\/wp-json\/wp\/v2\/media\/4028"}],"wp:attachment":[{"href":"https:\/\/www.fundacionmanantial.org\/en\/wp-json\/wp\/v2\/media?parent=4027"}],"wp:term":[{"taxonomy":"category","embeddable":true,"href":"https:\/\/www.fundacionmanantial.org\/en\/wp-json\/wp\/v2\/categories?post=4027"},{"taxonomy":"post_tag","embeddable":true,"href":"https:\/\/www.fundacionmanantial.org\/en\/wp-json\/wp\/v2\/tags?post=4027"}],"curies":[{"name":"wp","href":"https:\/\/api.w.org\/{rel}","templated":true}]}}