{"id":4022,"date":"2022-10-14T07:22:52","date_gmt":"2022-10-14T06:22:52","guid":{"rendered":"https:\/\/www.fundacionmanantial.org\/trauma-disociacion-elaboracion\/"},"modified":"2022-10-14T07:22:52","modified_gmt":"2022-10-14T06:22:52","slug":"trauma-disociacion-elaboracion","status":"publish","type":"post","link":"https:\/\/www.fundacionmanantial.org\/en\/trauma-disociacion-elaboracion\/","title":{"rendered":"\u201cTrauma, disociaci\u00f3n, elaboraci\u00f3n\u201d"},"content":{"rendered":"\n<p>Habitualmente en nuestro d\u00eda a d\u00eda en el trabajo o fuera de \u00e9l, solemos tratar con <strong>personas que han sufrido alg\u00fan trauma<\/strong>. En algunas ocasiones, <strong>para poder sobrellevar ese recuerdo o situaci\u00f3n, su cuerpo utiliza como mecanismo adaptativo la disociaci\u00f3n<\/strong>. Por ello, debemos entender a la persona que est\u00e1 sufriendo y <strong>\u201cdesconecta\u201d su mente para no revivir una situaci\u00f3n traum\u00e1tica.<\/strong><\/p>\n\n\n\n<p>Por ello, el <strong>curso \u201cTrauma, disociaci\u00f3n, elaboraci\u00f3n\u201d<\/strong> me ha ayudado a entender estas situaciones. Debemos entender que las personas que han sufrido un trauma, el cual puede venir desde la infancia o haberse creado m\u00e1s adelante por sus vivencias, son personas que debemos a las que debemos ayudar a pensarse para que puedan entender lo que les sucede. Pero, en la mayor\u00eda de los casos, es muy dif\u00edcil que se piensen y que puedan detectar las situaciones, por ello, es importante<strong> conocer y observar a la persona<\/strong>. De este modo, cuando detectamos situaciones positivas, ya sea en la manera de relacionarse o en la forma de percibir una situaci\u00f3n, hagamos mucho \u00e9nfasis en hacerle ver las cosas positivas. Porque, si nosotros hacemos de espejo ante las cosas positivas y las remarcamos y confrontamos las cosas negativas, <strong>podemos conseguir que esa persona inicie un cambio donde no repita las situaciones traum\u00e1ticas<\/strong>.<\/p>\n\n\n\n<div style=\"height:49px\" aria-hidden=\"true\" class=\"wp-block-spacer\"><\/div>\n\n\n\n<p><strong>Marta Centelles<\/strong>. Residencia &#8220;Santa Ana&#8221; de Vila-real (Castell\u00f3n)<\/p>\n\n\n\n<div style=\"height:33px\" aria-hidden=\"true\" class=\"wp-block-spacer\"><\/div>\n","protected":false},"excerpt":{"rendered":"<p>Habitualmente en nuestro d\u00eda a d\u00eda en el trabajo o fuera de \u00e9l, solemos tratar con personas que han sufrido alg\u00fan trauma. En algunas ocasiones, para poder sobrellevar ese recuerdo o situaci\u00f3n, su cuerpo utiliza como mecanismo adaptativo la disociaci\u00f3n. Por ello, debemos entender a la persona que est\u00e1 sufriendo y \u201cdesconecta\u201d su mente para [&hellip;]<\/p>\n","protected":false},"author":1,"featured_media":3910,"comment_status":"open","ping_status":"closed","sticky":false,"template":"","format":"standard","meta":{"_acf_changed":false,"give_campaign_id":0,"_seopress_robots_primary_cat":"","_seopress_titles_title":"","_seopress_titles_desc":"","_seopress_robots_index":"","footnotes":""},"categories":[41],"tags":[696,84,85,352,319,64,65,94],"class_list":["post-4022","post","type-post","status-publish","format-standard","has-post-thumbnail","hentry","category-blog-salud-mental","tag-disociacion","tag-formacion","tag-fundacion-manantial","tag-psicologia","tag-psiquiatria","tag-recuperacion","tag-salud-mental","tag-trauma"],"acf":[],"_links":{"self":[{"href":"https:\/\/www.fundacionmanantial.org\/en\/wp-json\/wp\/v2\/posts\/4022","targetHints":{"allow":["GET"]}}],"collection":[{"href":"https:\/\/www.fundacionmanantial.org\/en\/wp-json\/wp\/v2\/posts"}],"about":[{"href":"https:\/\/www.fundacionmanantial.org\/en\/wp-json\/wp\/v2\/types\/post"}],"author":[{"embeddable":true,"href":"https:\/\/www.fundacionmanantial.org\/en\/wp-json\/wp\/v2\/users\/1"}],"replies":[{"embeddable":true,"href":"https:\/\/www.fundacionmanantial.org\/en\/wp-json\/wp\/v2\/comments?post=4022"}],"version-history":[{"count":0,"href":"https:\/\/www.fundacionmanantial.org\/en\/wp-json\/wp\/v2\/posts\/4022\/revisions"}],"wp:featuredmedia":[{"embeddable":true,"href":"https:\/\/www.fundacionmanantial.org\/en\/wp-json\/wp\/v2\/media\/3910"}],"wp:attachment":[{"href":"https:\/\/www.fundacionmanantial.org\/en\/wp-json\/wp\/v2\/media?parent=4022"}],"wp:term":[{"taxonomy":"category","embeddable":true,"href":"https:\/\/www.fundacionmanantial.org\/en\/wp-json\/wp\/v2\/categories?post=4022"},{"taxonomy":"post_tag","embeddable":true,"href":"https:\/\/www.fundacionmanantial.org\/en\/wp-json\/wp\/v2\/tags?post=4022"}],"curies":[{"name":"wp","href":"https:\/\/api.w.org\/{rel}","templated":true}]}}