{"id":4020,"date":"2022-10-03T09:15:31","date_gmt":"2022-10-03T08:15:31","guid":{"rendered":"https:\/\/www.fundacionmanantial.org\/locura-mi-verdad\/"},"modified":"2022-10-03T09:15:31","modified_gmt":"2022-10-03T08:15:31","slug":"locura-mi-verdad","status":"publish","type":"post","link":"https:\/\/www.fundacionmanantial.org\/en\/locura-mi-verdad\/","title":{"rendered":"Locura (mi verdad)"},"content":{"rendered":"\n<p>Esta canci\u00f3n va dedicada a los diagnosticados de alg\u00fan problema de salud mental, a los que se nos ningunea, no se nos escucha, se nos silencia o se nos resta credibilidad por nuestro diagn\u00f3stico.<\/p>\n\n\n\n<p>Los prejuicios nos dejan mudos e indefensos, as\u00ed como el estigma y la mala intenci\u00f3n de muchos \u201cno diagnosticados\u201d, pero con traumas o problemas en sus vidas (como tiene todo el mundo) que no reconocen, burl\u00e1ndose de nosotros, menospreci\u00e1ndonos o temi\u00e9ndonos por falta de inteligencia emocional o simplemente por pagar sus frustraciones con un colectivo vulnerable como el nuestro.<\/p>\n\n\n\n<p><strong>\u00a1Bastante mal lo pasamos en nuestro d\u00eda a d\u00eda como para que nos pongan m\u00e1s barreras y zancadillas!<\/strong><\/p>\n\n\n\n<p>Esta es\u00a0<strong>mi verdad<\/strong>:<\/p>\n\n\n\n<div style=\"height:41px\" aria-hidden=\"true\" class=\"wp-block-spacer\"><\/div>\n\n\n\n<p><strong><em>LOCURA\u00a0(MI VERDAD)<\/em> &#8211; Por Pedro A. Lara<\/strong><\/p>\n\n\n<p>Muerden como fieras rabiosas,<\/p>\n<p><!-- \/wp:post-content --><!-- wp:paragraph --><\/p>\n<p>puedo o\u00edr sus voces feroces,<\/p>\n<p><!-- \/wp:paragraph --><!-- wp:paragraph --><\/p>\n<p>pero no ladran y se esconden<\/p>\n<p><!-- \/wp:paragraph --><!-- wp:paragraph --><\/p>\n<p>y me consumen a dentelladas.<\/p>\n<p><!-- \/wp:paragraph --><!-- wp:paragraph --><\/p>\n<p>Y nadie escucha ni cree<\/p>\n<p><!-- \/wp:paragraph --><!-- wp:paragraph --><\/p>\n<p>a este pobre loco sin fe,<\/p>\n<p><!-- \/wp:paragraph --><!-- wp:paragraph --><\/p>\n<p>por mucho que jure<\/p>\n<p><!-- \/wp:paragraph --><!-- wp:paragraph --><\/p>\n<p>que no son delirios.<\/p>\n<p><!-- \/wp:paragraph --><!-- wp:paragraph --><\/p>\n<p>Y nadie escucha ni cree<\/p>\n<p><!-- \/wp:paragraph --><!-- wp:paragraph --><\/p>\n<p>a este pobre loco sin fe,<\/p>\n<p><!-- \/wp:paragraph --><!-- wp:paragraph --><\/p>\n<p>ni dios me escucha<\/p>\n<p><!-- \/wp:paragraph --><!-- wp:paragraph --><\/p>\n<p>cuando le pido que acabe<\/p>\n<p><!-- \/wp:paragraph --><!-- wp:paragraph --><\/p>\n<p>este martirio.<\/p>\n<p><!-- \/wp:paragraph --><!-- wp:paragraph --><\/p>\n<p>Soledad, parece que est\u00e1s solo,<\/p>\n<p><!-- \/wp:paragraph --><!-- wp:paragraph --><\/p>\n<p>pero nunca lo est\u00e1s<\/p>\n<p><!-- \/wp:paragraph --><!-- wp:paragraph --><\/p>\n<p>y lloras oculto tu derrota<\/p>\n<p><!-- \/wp:paragraph --><!-- wp:paragraph --><\/p>\n<p>porque resbalan de mi boca<\/p>\n<p><!-- \/wp:paragraph --><!-- wp:paragraph --><\/p>\n<p>palabras que nadie se toma en serio.<\/p>\n<p><!-- \/wp:paragraph --><!-- wp:paragraph --><\/p>\n<p>\u00bfQu\u00e9 culpa tengo yo?<\/p>\n<p><!-- \/wp:paragraph --><!-- wp:paragraph --><\/p>\n<p>\u00bfpor qu\u00e9 mi castigo?<\/p>\n<p><!-- \/wp:paragraph --><!-- wp:paragraph --><\/p>\n<p>Soy como eco sin voz<\/p>\n<p><!-- \/wp:paragraph --><!-- wp:paragraph --><\/p>\n<p>repitiendo sin ton ni son<\/p>\n<p><!-- \/wp:paragraph --><!-- wp:paragraph --><\/p>\n<p>mi verdad, esa que nadie<\/p>\n<p><!-- \/wp:paragraph --><!-- wp:paragraph --><\/p>\n<p>quiere o se atreve a escuchar.<\/p>\n<p><!-- \/wp:paragraph --><!-- wp:paragraph --><\/p>\n<p>Y nadie escucha ni cree<\/p>\n<p><!-- \/wp:paragraph --><!-- wp:paragraph --><\/p>\n<p>a este pobre loco sin fe,<\/p>\n<p><!-- \/wp:paragraph --><!-- wp:paragraph --><\/p>\n<p>por mucho que jure<\/p>\n<p><!-- \/wp:paragraph --><!-- wp:paragraph --><\/p>\n<p>que no son delirios.<\/p>\n<p><!-- \/wp:paragraph --><!-- wp:paragraph --><\/p>\n<p>Y nadie escucha ni cree<\/p>\n<p><!-- \/wp:paragraph --><!-- wp:paragraph --><\/p>\n<p>a este pobre loco sin fe,<\/p>\n<p><!-- \/wp:paragraph --><!-- wp:paragraph --><\/p>\n<p>ni dios me escucha<\/p>\n<p><!-- \/wp:paragraph --><!-- wp:paragraph --><\/p>\n<p>cuando le pido que acabe<\/p>\n<p><!-- \/wp:paragraph --><!-- wp:paragraph --><\/p>\n<p>este martirio.<\/p>\n<p><!-- \/wp:paragraph --><!-- wp:paragraph --><\/p>\n<p>Y acabo retorci\u00e9ndome de rabia,<\/p>\n<p><!-- \/wp:paragraph --><!-- wp:paragraph --><\/p>\n<p>de dolor y de nostalgia<\/p>\n<p><!-- \/wp:paragraph --><!-- wp:paragraph --><\/p>\n<p>de mi cordura, pues es dura<\/p>\n<p><!-- \/wp:paragraph --><!-- wp:paragraph --><\/p>\n<p>mi febril locura.<\/p>\n<p><!-- \/wp:paragraph --><!-- wp:paragraph --><\/p>\n<p>M\u00e1s pruebas de las que di,<\/p>\n<p><!-- \/wp:paragraph --><!-- wp:paragraph --><\/p>\n<p>sus propios ojos lo vieron,<\/p>\n<p><!-- \/wp:paragraph --><!-- wp:paragraph --><\/p>\n<p>los estigmas en mi piel,<\/p>\n<p><!-- \/wp:paragraph --><!-- wp:paragraph --><\/p>\n<p>las causas de mi tormento.<\/p>\n<p><!-- \/wp:paragraph --><!-- wp:paragraph --><\/p>\n<p>Y nadie escucha ni cree<\/p>\n<p><!-- \/wp:paragraph --><!-- wp:paragraph --><\/p>\n<p>a este pobre loco sin fe,<\/p>\n<p><!-- \/wp:paragraph --><!-- wp:paragraph --><\/p>\n<p>por mucho que jure<\/p>\n<p><!-- \/wp:paragraph --><!-- wp:paragraph --><\/p>\n<p>que no son delirios.<\/p>\n<p><!-- \/wp:paragraph --><!-- wp:paragraph --><\/p>\n<p>Y nadie escucha ni cree<\/p>\n<p><!-- \/wp:paragraph --><!-- wp:paragraph --><\/p>\n<p>a este pobre loco sin fe,<\/p>\n<p><!-- \/wp:paragraph --><!-- wp:paragraph --><\/p>\n<p>ni dios me escucha<\/p>\n<p><!-- \/wp:paragraph --><!-- wp:paragraph --><\/p>\n<p>cuando le pido que acabe<\/p>\n<p><!-- \/wp:paragraph --><!-- wp:paragraph --><\/p>\n<p>este martirio.<\/p>\n<p><!-- \/wp:paragraph --><!-- wp:paragraph --><\/p>\n<p>Y acabo retorci\u00e9ndome de rabia,<\/p>\n<p><!-- \/wp:paragraph --><!-- wp:paragraph --><\/p>\n<p>de dolor y de nostalgia<\/p>\n<p><!-- \/wp:paragraph --><!-- wp:paragraph --><\/p>\n<p>de mi cordura, pues es dura<\/p>\n<p><!-- \/wp:paragraph --><!-- wp:paragraph --><\/p>\n<p>mi febril locura.<\/p>\n<p><!-- \/wp:paragraph --><!-- wp:paragraph --><\/p>\n<p>Y desconsolado me siento,<\/p>\n<p><!-- \/wp:paragraph --><!-- wp:paragraph --><\/p>\n<p>nadie me salva ni ayuda,<\/p>\n<p><!-- \/wp:paragraph --><!-- wp:paragraph --><\/p>\n<p>no existen medicamentos<\/p>\n<p><!-- \/wp:paragraph --><!-- wp:paragraph --><\/p>\n<p>que curen mi verdad,<\/p>\n<p><!-- \/wp:paragraph --><!-- wp:paragraph --><\/p>\n<p>esa maldita verdad,<\/p>\n<p><!-- \/wp:paragraph --><!-- wp:paragraph --><\/p>\n<p>que nadie escucha ni cree<\/p>\n<p><!-- \/wp:paragraph --><!-- wp:paragraph --><\/p>\n<p>y que me acabar\u00e1.<\/p>\n<p><!-- \/wp:paragraph --><\/p>\n\n<!-- wp:spacer {\"height\":23} -->\n<div style=\"height:23px\" aria-hidden=\"true\" class=\"wp-block-spacer\"><\/div>\n<!-- \/wp:spacer -->\n\n<!-- wp:paragraph -->\n<p><em>Por Pedro Lara,&nbsp;blogger de afici\u00f3n e interesado en el crecimiento y desarrollo personal, as\u00ed como defensor de los derechos fundamentales de las personas.&nbsp;Puedes leer m\u00e1s post de Pedro en su blog personal:&nbsp;<a href=\"http:\/\/siguiendoadelante.tumblr.com\/\" target=\"_blank\" rel=\"noreferrer noopener\">http:\/\/siguiendoadelante.tumblr.com<\/a><\/em><\/p>\n<!-- \/wp:paragraph -->","protected":false},"excerpt":{"rendered":"<p>Esta canci\u00f3n va dedicada a los diagnosticados de alg\u00fan problema de salud mental, a los que se nos ningunea, no se nos escucha, se nos silencia o se nos resta credibilidad por nuestro diagn\u00f3stico. Los prejuicios nos dejan mudos e indefensos, as\u00ed como el estigma y la mala intenci\u00f3n de muchos \u201cno diagnosticados\u201d, pero con [&hellip;]<\/p>\n","protected":false},"author":1,"featured_media":4021,"comment_status":"open","ping_status":"closed","sticky":false,"template":"","format":"standard","meta":{"_acf_changed":false,"give_campaign_id":0,"_seopress_robots_primary_cat":"","_seopress_titles_title":"","_seopress_titles_desc":"","_seopress_robots_index":"","footnotes":""},"categories":[41],"tags":[662,107,64,516,65,111,667],"class_list":["post-4020","post","type-post","status-publish","format-standard","has-post-thumbnail","hentry","category-blog-salud-mental","tag-contra-el-estigma","tag-estigma","tag-recuperacion","tag-rehabilitacion","tag-salud-mental","tag-sensibilizacion","tag-superacion"],"acf":[],"_links":{"self":[{"href":"https:\/\/www.fundacionmanantial.org\/en\/wp-json\/wp\/v2\/posts\/4020","targetHints":{"allow":["GET"]}}],"collection":[{"href":"https:\/\/www.fundacionmanantial.org\/en\/wp-json\/wp\/v2\/posts"}],"about":[{"href":"https:\/\/www.fundacionmanantial.org\/en\/wp-json\/wp\/v2\/types\/post"}],"author":[{"embeddable":true,"href":"https:\/\/www.fundacionmanantial.org\/en\/wp-json\/wp\/v2\/users\/1"}],"replies":[{"embeddable":true,"href":"https:\/\/www.fundacionmanantial.org\/en\/wp-json\/wp\/v2\/comments?post=4020"}],"version-history":[{"count":0,"href":"https:\/\/www.fundacionmanantial.org\/en\/wp-json\/wp\/v2\/posts\/4020\/revisions"}],"wp:featuredmedia":[{"embeddable":true,"href":"https:\/\/www.fundacionmanantial.org\/en\/wp-json\/wp\/v2\/media\/4021"}],"wp:attachment":[{"href":"https:\/\/www.fundacionmanantial.org\/en\/wp-json\/wp\/v2\/media?parent=4020"}],"wp:term":[{"taxonomy":"category","embeddable":true,"href":"https:\/\/www.fundacionmanantial.org\/en\/wp-json\/wp\/v2\/categories?post=4020"},{"taxonomy":"post_tag","embeddable":true,"href":"https:\/\/www.fundacionmanantial.org\/en\/wp-json\/wp\/v2\/tags?post=4020"}],"curies":[{"name":"wp","href":"https:\/\/api.w.org\/{rel}","templated":true}]}}