{"id":4019,"date":"2022-10-03T08:37:09","date_gmt":"2022-10-03T07:37:09","guid":{"rendered":"https:\/\/www.fundacionmanantial.org\/grupos-inteligentes\/"},"modified":"2022-10-03T08:37:09","modified_gmt":"2022-10-03T07:37:09","slug":"grupos-inteligentes","status":"publish","type":"post","link":"https:\/\/www.fundacionmanantial.org\/en\/grupos-inteligentes\/","title":{"rendered":"&#8220;Grupos inteligentes&#8221;"},"content":{"rendered":"\n<p>Hace algo m\u00e1s de una semana que asist\u00ed a la <strong>conferencia sobre &#8220;Grupos Inteligentes&#8221;<\/strong> de <a href=\"https:\/\/iniciativas-cse.coop\/fernando-cembranos-diaz\/\" target=\"_blank\" rel=\"noreferrer noopener\">Fernando Cembranos<\/a> y estas son las 3 ideas que han sobrevivido en mi cabeza desde entonces:<\/p>\n\n\n\n<ol class=\"wp-block-list\"><li><strong>Tiempo previo para pensar\u00a0<\/strong><\/li><li><strong>Creatividad Vs Cr\u00edtica<\/strong><\/li><li><strong>Sinergia grupal<\/strong><\/li><\/ol>\n\n\n\n<p>A menudo comenzamos cualquier encuentro grupal con la exigencia de que resulte <strong>pr\u00e1ctico y eficiente<\/strong>. Es decir, que se generen respuestas r\u00e1pidas y acertadas ante las cuestiones que se plantean. <strong>No nos permitimos tiempo para reflexionar, para darnos cuenta de cu\u00e1l es nuestra opini\u00f3n o para darnos cuenta de que no tenemos ninguna.\u00a0<\/strong><\/p>\n\n\n\n<p>Si tenemos ya una opini\u00f3n, podemos pensar en ella, cuestionarnos por qu\u00e9 tenemos esa opini\u00f3n y no otra, qu\u00e9 nos habr\u00e1 llevado a tenerla\u2026 Si no la tenemos, podemos intentar construir una, aunque esto suponga un importante esfuerzo. <strong>Para la tarea grupal esto resultar\u00eda de gran ayuda.<\/strong> Algo que tambi\u00e9n podr\u00edamos hacer es <strong>esperarnos a escuchar otras opiniones para criticarlas<\/strong>, lo que supondr\u00eda un ahorro de energ\u00eda, pero un menor n\u00famero de opiniones a disposici\u00f3n del grupo.\u00a0<\/p>\n\n\n\n<p><strong>Cuando el grupo escucha opiniones distintas<\/strong>, desde puntos de vista diferentes, a partir de creatividades diversas, <strong>comienza a trabajar en conjunto y a generar nuevas opiniones que ya no son individuales, sino colectivas<\/strong> (aunque las enuncie una sola persona).<\/p>\n\n\n\n<p>Creo que el grupo debe contar con la suficiente <strong>\u201csalud\u201d previa para generar este trabajo colectivo<\/strong>. Contar con una <strong>buena comunicaci\u00f3n<\/strong> entre sus miembros, verse <strong>bien valorado<\/strong> por ellos y por otros agentes externos, <strong>sentirse cuidado y cuidarse, sentir confianza, libertad.\u00a0<\/strong><\/p>\n\n\n\n<div style=\"height:42px\" aria-hidden=\"true\" class=\"wp-block-spacer\"><\/div>\n\n\n\n<p><em>Jes\u00fas Miguel P\u00e9rez S\u00e1nchez. Residencia &#8220;Hortaleza&#8221;<\/em><\/p>\n\n\n\n<div style=\"height:70px\" aria-hidden=\"true\" class=\"wp-block-spacer\"><\/div>\n","protected":false},"excerpt":{"rendered":"<p>Hace algo m\u00e1s de una semana que asist\u00ed a la conferencia sobre &#8220;Grupos Inteligentes&#8221; de Fernando Cembranos y estas son las 3 ideas que han sobrevivido en mi cabeza desde entonces: Tiempo previo para pensar\u00a0 Creatividad Vs Cr\u00edtica Sinergia grupal A menudo comenzamos cualquier encuentro grupal con la exigencia de que resulte pr\u00e1ctico y eficiente. [&hellip;]<\/p>\n","protected":false},"author":1,"featured_media":3910,"comment_status":"open","ping_status":"closed","sticky":false,"template":"","format":"standard","meta":{"_acf_changed":false,"give_campaign_id":0,"_seopress_robots_primary_cat":"","_seopress_titles_title":"","_seopress_titles_desc":"","_seopress_robots_index":"","footnotes":""},"categories":[41],"tags":[84,85,65],"class_list":["post-4019","post","type-post","status-publish","format-standard","has-post-thumbnail","hentry","category-blog-salud-mental","tag-formacion","tag-fundacion-manantial","tag-salud-mental"],"acf":[],"_links":{"self":[{"href":"https:\/\/www.fundacionmanantial.org\/en\/wp-json\/wp\/v2\/posts\/4019","targetHints":{"allow":["GET"]}}],"collection":[{"href":"https:\/\/www.fundacionmanantial.org\/en\/wp-json\/wp\/v2\/posts"}],"about":[{"href":"https:\/\/www.fundacionmanantial.org\/en\/wp-json\/wp\/v2\/types\/post"}],"author":[{"embeddable":true,"href":"https:\/\/www.fundacionmanantial.org\/en\/wp-json\/wp\/v2\/users\/1"}],"replies":[{"embeddable":true,"href":"https:\/\/www.fundacionmanantial.org\/en\/wp-json\/wp\/v2\/comments?post=4019"}],"version-history":[{"count":0,"href":"https:\/\/www.fundacionmanantial.org\/en\/wp-json\/wp\/v2\/posts\/4019\/revisions"}],"wp:featuredmedia":[{"embeddable":true,"href":"https:\/\/www.fundacionmanantial.org\/en\/wp-json\/wp\/v2\/media\/3910"}],"wp:attachment":[{"href":"https:\/\/www.fundacionmanantial.org\/en\/wp-json\/wp\/v2\/media?parent=4019"}],"wp:term":[{"taxonomy":"category","embeddable":true,"href":"https:\/\/www.fundacionmanantial.org\/en\/wp-json\/wp\/v2\/categories?post=4019"},{"taxonomy":"post_tag","embeddable":true,"href":"https:\/\/www.fundacionmanantial.org\/en\/wp-json\/wp\/v2\/tags?post=4019"}],"curies":[{"name":"wp","href":"https:\/\/api.w.org\/{rel}","templated":true}]}}