{"id":4017,"date":"2022-08-16T08:24:27","date_gmt":"2022-08-16T07:24:27","guid":{"rendered":"https:\/\/www.fundacionmanantial.org\/juntas-somos-mas-fuertes\/"},"modified":"2022-08-16T08:24:27","modified_gmt":"2022-08-16T07:24:27","slug":"juntas-somos-mas-fuertes","status":"publish","type":"post","link":"https:\/\/www.fundacionmanantial.org\/en\/juntas-somos-mas-fuertes\/","title":{"rendered":"\u00a1Juntas somos m\u00e1s fuertes!"},"content":{"rendered":"\n<p>Con Lore, Silvi y m\u00e1s<br>Esto no podr\u00eda avanzar<br>Cada una con su grano<br>Entre todas el Everest<br>Hablamos de muchas cosas<br>Sin criticar a las dem\u00e1s.<br>No siempre es jauja<br>y lo pasamos muy mal<br>El Espacio de Mujeres<br>para m\u00ed es fundamental.<br>Unas veces nos desahogamos<br>y otras me toca escuchar<br>dando siempre la opini\u00f3n<br>que no pueda molestar<br>Una cosa muy importante y<br>fenomenal<br>que entre nosotras nos apoyamos sin m\u00e1s<br>y el respeto para todas lo llevamos<br>s\u00faper bien.<br>Lo que se habla aqu\u00ed queda<br>y eso lo sabemos bien.<br>Yo me siento muy conforme<br>con el grupo que formamos<br>aunque a veces sea duro,<br>otras es alegr\u00eda,<br>pero s\u00e9 que si es duro os tengo a todas.<br>Vosotras que me apoy\u00e1is cada d\u00eda,<br>y con esto ya termino,<br>muchas gracias he de daros<br>por el grupo que formamos.<br>Yo me quedo muy contenta<br>con las asistentes a este lugar<br>me trat\u00e1is fenomenal<br>y si lo necesito me intent\u00e1is ayudar.<br>Yo solo pido que os sint\u00e1is conmigo<br>como yo me siento con cada una de vosotras.<\/p>\n\n\n\n<p>\u00a1Mujeres al poder!<\/p>\n\n\n\n<p><em>Mar<\/em><\/p>\n\n\n\n<div style=\"height:48px\" aria-hidden=\"true\" class=\"wp-block-spacer\"><\/div>\n\n\n\n<p>El <strong>Espacio de Mujeres<\/strong> es un lugar de encuentro de las mujeres que viven en la Residencia y el Piso &#8220;Fuenlabrada&#8221; donde hablar de los malestares de g\u00e9nero, un espacio de seguridad en el que compartir experiencias, trabajar relaciones de sororidad, crear redes, y cuidarse y cuidar a las otras.<\/p>\n","protected":false},"excerpt":{"rendered":"<p>Con Lore, Silvi y m\u00e1sEsto no podr\u00eda avanzarCada una con su granoEntre todas el EverestHablamos de muchas cosasSin criticar a las dem\u00e1s.No siempre es jaujay lo pasamos muy malEl Espacio de Mujerespara m\u00ed es fundamental.Unas veces nos desahogamosy otras me toca escuchardando siempre la opini\u00f3nque no pueda molestarUna cosa muy importante yfenomenalque entre nosotras nos [&hellip;]<\/p>\n","protected":false},"author":1,"featured_media":4018,"comment_status":"open","ping_status":"closed","sticky":false,"template":"","format":"standard","meta":{"_acf_changed":false,"give_campaign_id":0,"_seopress_robots_primary_cat":"","_seopress_titles_title":"","_seopress_titles_desc":"","_seopress_robots_index":"","footnotes":""},"categories":[41],"tags":[695,579,219,504,65,111,584],"class_list":["post-4017","post","type-post","status-publish","format-standard","has-post-thumbnail","hentry","category-blog-salud-mental","tag-empoderamiento","tag-feminismo","tag-fuenlabrada","tag-mujeres","tag-salud-mental","tag-sensibilizacion","tag-sororidad"],"acf":[],"_links":{"self":[{"href":"https:\/\/www.fundacionmanantial.org\/en\/wp-json\/wp\/v2\/posts\/4017","targetHints":{"allow":["GET"]}}],"collection":[{"href":"https:\/\/www.fundacionmanantial.org\/en\/wp-json\/wp\/v2\/posts"}],"about":[{"href":"https:\/\/www.fundacionmanantial.org\/en\/wp-json\/wp\/v2\/types\/post"}],"author":[{"embeddable":true,"href":"https:\/\/www.fundacionmanantial.org\/en\/wp-json\/wp\/v2\/users\/1"}],"replies":[{"embeddable":true,"href":"https:\/\/www.fundacionmanantial.org\/en\/wp-json\/wp\/v2\/comments?post=4017"}],"version-history":[{"count":0,"href":"https:\/\/www.fundacionmanantial.org\/en\/wp-json\/wp\/v2\/posts\/4017\/revisions"}],"wp:featuredmedia":[{"embeddable":true,"href":"https:\/\/www.fundacionmanantial.org\/en\/wp-json\/wp\/v2\/media\/4018"}],"wp:attachment":[{"href":"https:\/\/www.fundacionmanantial.org\/en\/wp-json\/wp\/v2\/media?parent=4017"}],"wp:term":[{"taxonomy":"category","embeddable":true,"href":"https:\/\/www.fundacionmanantial.org\/en\/wp-json\/wp\/v2\/categories?post=4017"},{"taxonomy":"post_tag","embeddable":true,"href":"https:\/\/www.fundacionmanantial.org\/en\/wp-json\/wp\/v2\/tags?post=4017"}],"curies":[{"name":"wp","href":"https:\/\/api.w.org\/{rel}","templated":true}]}}