{"id":4013,"date":"2022-09-13T11:56:14","date_gmt":"2022-09-13T10:56:14","guid":{"rendered":"https:\/\/www.fundacionmanantial.org\/el-encuentro-con-la-mentira\/"},"modified":"2022-09-13T11:56:14","modified_gmt":"2022-09-13T10:56:14","slug":"el-encuentro-con-la-mentira","status":"publish","type":"post","link":"https:\/\/www.fundacionmanantial.org\/en\/el-encuentro-con-la-mentira\/","title":{"rendered":"El encuentro con la mentira"},"content":{"rendered":"\n<p class=\"has-text-align-right\"><em>\u201cHoy me ha ocurrido algo que no le hab\u00eda ocurrido a nadie hasta ahora. He dicho algo que no era. \u00bfCu\u00e1l es la palabra\u2026? No existe, me lo he inventado yo\u201d<\/em><\/p>\n\n\n\n<p class=\"has-text-align-right\">(Di\u00e1logo de la pel\u00edcula<em> \u201cThe Invention of Lying\u201d, 2009)<\/em><\/p>\n\n\n\n<p>La supervisi\u00f3n de casos que hemos realizado en el <strong>Centro de D\u00eda &#8220;Barajas&#8221;<\/strong> con <strong>Amor Hern\u00e1ndez<\/strong>, como cualquier supervisi\u00f3n, ha consistido en que <strong>los profesionales del recurso fu\u00e9ramos acompa\u00f1ados por ella a la hora de abordar el trabajo que realizamos con las\/os usuarias\/os a los que atendemos.<\/strong><\/p>\n\n\n\n<p>En ocasiones anteriores, las supervisiones en las que hab\u00edamos participado se centraron exclusivamente en el estudio de los casos. Sin embargo, la perspectiva gest\u00e1ltica que nos ofrece Amor, con su trato amable atravesado por el humor, sin reducir la profundidad de sus aportaciones, nos est\u00e1 facilitando <strong>trabajar en el <em>\u201caqu\u00ed y ahora\u201d<\/em> sobre los procesos que se despiertan a nivel personal en cada profesional y a nivel del equipo.<\/strong> Tambi\u00e9n nos ayuda a <strong>pensar y hacer con el presente, abordando aspectos hist\u00f3ricos, lugares, emociones y expectativas que nos est\u00e9n dificultando la tarea, limpiando y reordenando.<\/strong><\/p>\n\n\n\n<p>Podemos destacar los siguientes aspectos: &nbsp;<\/p>\n\n\n\n<p><strong>Tener un lugar en el que dar cabida, de forma segura, a los malestares que nos atraviesan como profesionales, disminuyendo o atemperando el impacto que tienen, <\/strong>aunque nos cueste reconocerlo, en el arduo trabajo que desempe\u00f1amos d\u00eda a d\u00eda.&nbsp;<\/p>\n\n\n\n<p>Observar y <strong>poner en valor la tarea y las funciones de cada profesional<\/strong>,&nbsp;sus diferentes orientaciones y estilos de abordaje.<\/p>\n\n\n\n<p>Aumentar el <strong>respeto y valoraci\u00f3n del trabajo de las\/os compa\u00f1eras\/os.<\/strong><\/p>\n\n\n\n<p>Facilitar <strong>que no haya solapamientos que acrecienten la confusi\u00f3n a la hora de intervenir<\/strong>.<\/p>\n\n\n\n<p>Conocer y compartir el <strong>posicionamiento <\/strong>que tomamos cada una\/o, permitiendo que cada cual nos reconozcamos en nuestros diferentes modos de afrontar la pr\u00e1ctica, pudiendo <strong>ver nuestras limitaciones y potencialidades<\/strong>, as\u00ed como las situaciones en las que las ponemos en juego.&nbsp;<\/p>\n\n\n\n<p>Todo esto, sin olvidarnos de <strong>profundizar en el entendimiento de la problem\u00e1tica latente y manifiesta que presentan las personas a las que atendemos, as\u00ed como los modos de establecer la l\u00ednea de intervenci\u00f3n y una relaci\u00f3n lo m\u00e1s adecuada posible<\/strong> con los mismos.<\/p>\n\n\n\n<p><strong>En las supervisiones podemos permitirnos poner en cuesti\u00f3n la verdad, las verdades, las pretendidas certezas que funcionan como obst\u00e1culos y enquistan din\u00e1micas perjudiciales para el quehacer de nuestro trabajo<\/strong>. Podemos escucharnos y dejarnos sorprender por determinados lugares y formas de trabajar que, en general, <strong>son defensa ante la angustia que muchas veces podemos sentir.<\/strong><\/p>\n\n\n\n<p>La sorpresa, lo novedoso que en una <strong>supervisi\u00f3n <\/strong>atraviesa nuestro cuerpo y nuestro pensamiento, puede <strong>darnos lugar a lo diferente<\/strong>, a pensar lo que hacemos como una forma de construir y crear en nuestro trabajo. <strong>Nos brinda la posibilidad de una invenci\u00f3n o, por qu\u00e9 no, de una mentira que d\u00e9 m\u00e1s sentido a la vida que cualquier otra verdad.<\/strong><\/p>\n\n\n\n<p><em>Equipo Centro de D\u00eda \u201cBarajas\u201d<\/em><\/p>\n\n\n\n<p><\/p>\n\n\n\n<hr class=\"wp-block-separator\"\/>\n\n\n\n<p>Desde hace m\u00e1s de 12 a\u00f1os, los equipos de trabajo que tienen atenci\u00f3n directa a usuarios en cualquiera de los programas, servicios y recursos que gestiona Fundaci\u00f3n Manantial, cuentan a su disposici\u00f3n con una&nbsp;<strong>herramienta de formaci\u00f3n e intervenci\u00f3n y una metodolog\u00eda estructurada de trabajo<\/strong>&nbsp;denominada&nbsp;<strong>supervisi\u00f3n<\/strong>.<\/p>\n\n\n\n<p>Pero, \u00bfqu\u00e9 es la supervisi\u00f3n? Utilizaremos las palabras de Carmina Puig, profesora de la Universidad Rovira i Virgili de Tarragona, en su art\u00edculo \u201cLa supervisi\u00f3n en los equipos de Servicios Sociales: una oportunidad para la reflexi\u00f3n, el pensamiento y el cuidado de los profesionales\u201d:&nbsp;<em>La supervisi\u00f3n es el an\u00e1lisis de la pr\u00e1ctica profesional que realizan los trabajadores de \u00e1mbitos psicosociales. Es un trabajo sobre el trabajo, un meta trabajo que se sit\u00faa en la interfaz entre el aprendizaje, la formaci\u00f3n, la educaci\u00f3n y el apoyo en una organizaci\u00f3n o instituci\u00f3n. La supervisi\u00f3n en la intervenci\u00f3n social, llevada a cabo por un supervisor externo a la instituci\u00f3n, es un proceso y una relaci\u00f3n que tiene como objetivo revisar el trabajo profesional y los sentimientos que acompa\u00f1an la actividad. Tambi\u00e9n ayuda a contrastar los marcos te\u00f3ricos y conceptuales con la praxis cotidiana<\/em>.<\/p>\n\n\n\n<p><a rel=\"noreferrer noopener\" href=\"https:\/\/elastic-antonelli.5-250-189-237.plesk.page\/la-supervision-una-herramienta-para-reflexionar-sobre-nuestro-trabajo\/\" target=\"_blank\">Saber m\u00e1s sobre las supervisiones en Fundaci\u00f3n Manantial<\/a><\/p>\n","protected":false},"excerpt":{"rendered":"<p>\u201cHoy me ha ocurrido algo que no le hab\u00eda ocurrido a nadie hasta ahora. He dicho algo que no era. \u00bfCu\u00e1l es la palabra\u2026? No existe, me lo he inventado yo\u201d (Di\u00e1logo de la pel\u00edcula \u201cThe Invention of Lying\u201d, 2009) La supervisi\u00f3n de casos que hemos realizado en el Centro de D\u00eda &#8220;Barajas&#8221; con Amor [&hellip;]<\/p>\n","protected":false},"author":1,"featured_media":4014,"comment_status":"open","ping_status":"closed","sticky":false,"template":"","format":"standard","meta":{"_acf_changed":false,"give_campaign_id":0,"_seopress_robots_primary_cat":"","_seopress_titles_title":"","_seopress_titles_desc":"","_seopress_robots_index":"","footnotes":""},"categories":[41],"tags":[84,64,516,65,111,694],"class_list":["post-4013","post","type-post","status-publish","format-standard","has-post-thumbnail","hentry","category-blog-salud-mental","tag-formacion","tag-recuperacion","tag-rehabilitacion","tag-salud-mental","tag-sensibilizacion","tag-supervision"],"acf":[],"_links":{"self":[{"href":"https:\/\/www.fundacionmanantial.org\/en\/wp-json\/wp\/v2\/posts\/4013","targetHints":{"allow":["GET"]}}],"collection":[{"href":"https:\/\/www.fundacionmanantial.org\/en\/wp-json\/wp\/v2\/posts"}],"about":[{"href":"https:\/\/www.fundacionmanantial.org\/en\/wp-json\/wp\/v2\/types\/post"}],"author":[{"embeddable":true,"href":"https:\/\/www.fundacionmanantial.org\/en\/wp-json\/wp\/v2\/users\/1"}],"replies":[{"embeddable":true,"href":"https:\/\/www.fundacionmanantial.org\/en\/wp-json\/wp\/v2\/comments?post=4013"}],"version-history":[{"count":0,"href":"https:\/\/www.fundacionmanantial.org\/en\/wp-json\/wp\/v2\/posts\/4013\/revisions"}],"wp:featuredmedia":[{"embeddable":true,"href":"https:\/\/www.fundacionmanantial.org\/en\/wp-json\/wp\/v2\/media\/4014"}],"wp:attachment":[{"href":"https:\/\/www.fundacionmanantial.org\/en\/wp-json\/wp\/v2\/media?parent=4013"}],"wp:term":[{"taxonomy":"category","embeddable":true,"href":"https:\/\/www.fundacionmanantial.org\/en\/wp-json\/wp\/v2\/categories?post=4013"},{"taxonomy":"post_tag","embeddable":true,"href":"https:\/\/www.fundacionmanantial.org\/en\/wp-json\/wp\/v2\/tags?post=4013"}],"curies":[{"name":"wp","href":"https:\/\/api.w.org\/{rel}","templated":true}]}}