{"id":4005,"date":"2022-05-09T12:04:42","date_gmt":"2022-05-09T11:04:42","guid":{"rendered":"https:\/\/www.fundacionmanantial.org\/desjudicializar-la-atencion-a-las-personas-con-sufrimiento-psiquico\/"},"modified":"2022-05-09T12:04:42","modified_gmt":"2022-05-09T11:04:42","slug":"desjudicializar-la-atencion-a-las-personas-con-sufrimiento-psiquico","status":"publish","type":"post","link":"https:\/\/www.fundacionmanantial.org\/en\/desjudicializar-la-atencion-a-las-personas-con-sufrimiento-psiquico\/","title":{"rendered":"Desjudicializar la atenci\u00f3n a las personas con sufrimiento ps\u00edquico"},"content":{"rendered":"\n<p>El pasado 3 de septiembre entr\u00f3 en vigor en el estado espa\u00f1ol la <strong>Ley 8\/2021<\/strong>, suponiendo una reforma en la<em> <strong>legislaci\u00f3n civil y procesal para el apoyo a las personas con discapacidad en el ejercicio de su capacidad jur\u00eddica<\/strong>. Este hecho implica<\/em> un <strong>cambio de paradigma en el poder judicial y en la visi\u00f3n de las personas con diversidad funcional<\/strong>. Esta ley supone adecuar nuestro ordenamiento jur\u00eddico a la Convenci\u00f3n de Nueva York de 13 de diciembre de 2006. De este tratado se desprend\u00eda la idea que <strong>la discapacidad puede ser una situaci\u00f3n que atraviesa una persona hasta que recibe el apoyo necesario o su sociedad elimina las barreras que le imped\u00edan acceder a sus derechos.\u00a0<\/strong><\/p>\n\n\n\n<p>Ante esta situaci\u00f3n, las <strong>trabajadoras sociales <\/strong>de la entidad propusimos reunirnos con el <strong><a href=\"https:\/\/elastic-antonelli.5-250-189-237.plesk.page\/apoyo\/\" target=\"_blank\" rel=\"noreferrer noopener\">Servicio de Apoyo a la Capacidad Jur\u00eddica de Fundaci\u00f3n Manantial<\/a><\/strong> y que, de manera conjunta, pudi\u00e9ramos abordar <strong>c\u00f3mo se iba articular la ley en los aspectos pr\u00e1cticos. <\/strong>La reuni\u00f3n tuvo lugar el pasado 25 de abril del 2022, en formato online, lo que permiti\u00f3 que pudieran sumarse las compa\u00f1eras de la Comunidad Valenciana.<\/p>\n\n\n\n<p>En este encuentro contamos con <strong>Javier, Pilar y Laura<\/strong>, abogadas del Servicio de Apoyo, que <strong>nos ayudaron a traducir conceptos de la Ley de manera comprensible y pr\u00e1ctica<\/strong>, as\u00ed como <strong>nombrar los pilares fundamentales sobre los que se sustenta.<\/strong> Una de las novedades es que <strong>rompe con la dicotom\u00eda entre capacidad jur\u00eddica y capacidad de obrar<\/strong>, pues parte de la premisa de que <strong><em>la capacidad <\/em>es inherente a la persona y no puede modificarse<\/strong> y que, de hacerse, supondr\u00eda vulnerar los derechos fundamentales. Lo que propone es <strong>un nuevo sistema donde se prioriza\u00a0la autonom\u00eda del individuo, eliminando la figura del Tutor para personas mayores de edad y surgiendo y apostando por figuras y medidas que se acomoden a las particularidades de cada una de las personas, para que la voluntariedad y deseos de las mismas ocupen un lugar prioritario.<\/strong><\/p>\n\n\n\n<p>Como en toda buena conversaci\u00f3n, quedaron abiertas m\u00e1s preguntas que certezas, por lo que, <strong>ojal\u00e1, este sea un primer reencuentro de muchos<\/strong>, donde podamos seguir abordando la manera en la que acompa\u00f1amos a las personas para las que trabajamos, ya que si algo nos ha quedado claro es que, <strong>como agentes sociales, nos toca ser responsables, nos toca ser creativas y consecuentes con este cambio ideol\u00f3gico para que de verdad as\u00ed lo sea<\/strong>, dando cabida a otras formas de apoyo voluntario con prop\u00f3sito firme y, tal y como se\u00f1ala Javier Pallar\u00e9s, de <em><strong>desjudicializar la atenci\u00f3n a las personas con sufrimiento ps\u00edquico.<\/strong><\/em><\/p>\n\n\n\n<div style=\"height:22px\" aria-hidden=\"true\" class=\"wp-block-spacer\"><\/div>\n\n\n\n<p><em>Isabel Endeiza. Trabajadora Social Fundaci\u00f3n Manantial<\/em><\/p>\n\n\n\n<div style=\"height:54px\" aria-hidden=\"true\" class=\"wp-block-spacer\"><\/div>\n\n\n\n<p><strong>Noticias relacionadas<\/strong><\/p>\n\n\n\n<figure class=\"wp-block-embed is-type-wp-embed is-provider-fundacion-manantial wp-block-embed-fundacion-manantial\"><div class=\"wp-block-embed__wrapper\">\n<blockquote class=\"wp-embedded-content\" data-secret=\"X3ONxvnYzL\"><a href=\"https:\/\/elastic-antonelli.5-250-189-237.plesk.page\/sala-de-prensa\/fundacion-manantial-pone-en-marcha-un-nuevo-servicio-de-apoyo\/\">Fundaci\u00f3n Manantial renueva su servicio de apoyo<\/a><\/blockquote><iframe class=\"wp-embedded-content\" sandbox=\"allow-scripts\" security=\"restricted\" style=\"position: absolute; clip: rect(1px, 1px, 1px, 1px);\" title=\"\u00abFundaci\u00f3n Manantial renueva su servicio de apoyo\u00bb \u2014 Fundaci\u00f3n Manantial\" src=\"https:\/\/elastic-antonelli.5-250-189-237.plesk.page\/sala-de-prensa\/fundacion-manantial-pone-en-marcha-un-nuevo-servicio-de-apoyo\/embed\/#?secret=7XbcGdTlLF#?secret=X3ONxvnYzL\" data-secret=\"X3ONxvnYzL\" width=\"500\" height=\"282\" frameborder=\"0\" marginwidth=\"0\" marginheight=\"0\" scrolling=\"no\"><\/iframe>\n<\/div><\/figure>\n","protected":false},"excerpt":{"rendered":"<p>El pasado 3 de septiembre entr\u00f3 en vigor en el estado espa\u00f1ol la Ley 8\/2021, suponiendo una reforma en la legislaci\u00f3n civil y procesal para el apoyo a las personas con discapacidad en el ejercicio de su capacidad jur\u00eddica. Este hecho implica un cambio de paradigma en el poder judicial y en la visi\u00f3n de [&hellip;]<\/p>\n","protected":false},"author":1,"featured_media":4006,"comment_status":"open","ping_status":"closed","sticky":false,"template":"","format":"standard","meta":{"_acf_changed":false,"give_campaign_id":0,"_seopress_robots_primary_cat":"","_seopress_titles_title":"","_seopress_titles_desc":"","_seopress_robots_index":"","footnotes":""},"categories":[41],"tags":[140,212,662,56,85,213,64,65],"class_list":["post-4005","post","type-post","status-publish","format-standard","has-post-thumbnail","hentry","category-blog-salud-mental","tag-apoyo","tag-capacidad-juridica","tag-contra-el-estigma","tag-discapacidad","tag-fundacion-manantial","tag-ley","tag-recuperacion","tag-salud-mental"],"acf":[],"_links":{"self":[{"href":"https:\/\/www.fundacionmanantial.org\/en\/wp-json\/wp\/v2\/posts\/4005","targetHints":{"allow":["GET"]}}],"collection":[{"href":"https:\/\/www.fundacionmanantial.org\/en\/wp-json\/wp\/v2\/posts"}],"about":[{"href":"https:\/\/www.fundacionmanantial.org\/en\/wp-json\/wp\/v2\/types\/post"}],"author":[{"embeddable":true,"href":"https:\/\/www.fundacionmanantial.org\/en\/wp-json\/wp\/v2\/users\/1"}],"replies":[{"embeddable":true,"href":"https:\/\/www.fundacionmanantial.org\/en\/wp-json\/wp\/v2\/comments?post=4005"}],"version-history":[{"count":0,"href":"https:\/\/www.fundacionmanantial.org\/en\/wp-json\/wp\/v2\/posts\/4005\/revisions"}],"wp:featuredmedia":[{"embeddable":true,"href":"https:\/\/www.fundacionmanantial.org\/en\/wp-json\/wp\/v2\/media\/4006"}],"wp:attachment":[{"href":"https:\/\/www.fundacionmanantial.org\/en\/wp-json\/wp\/v2\/media?parent=4005"}],"wp:term":[{"taxonomy":"category","embeddable":true,"href":"https:\/\/www.fundacionmanantial.org\/en\/wp-json\/wp\/v2\/categories?post=4005"},{"taxonomy":"post_tag","embeddable":true,"href":"https:\/\/www.fundacionmanantial.org\/en\/wp-json\/wp\/v2\/tags?post=4005"}],"curies":[{"name":"wp","href":"https:\/\/api.w.org\/{rel}","templated":true}]}}