{"id":3995,"date":"2022-04-07T07:02:32","date_gmt":"2022-04-07T06:02:32","guid":{"rendered":"https:\/\/www.fundacionmanantial.org\/participacion-desde-los-margenes\/"},"modified":"2022-04-07T07:02:32","modified_gmt":"2022-04-07T06:02:32","slug":"participacion-desde-los-margenes","status":"publish","type":"post","link":"https:\/\/www.fundacionmanantial.org\/en\/participacion-desde-los-margenes\/","title":{"rendered":"&#8220;Participaci\u00f3n desde los m\u00e1rgenes&#8221;"},"content":{"rendered":"\n<p>El curso de &#8220;Participaci\u00f3n desde los m\u00e1rgenes&#8221; me ha servido, mas all\u00e1 de los conocimientos te\u00f3ricos que me ha aportado, como <strong>un espacio de reflexi\u00f3n<\/strong> para romper la rutina del trabajo diario y <strong>poder pensar con los compa\u00f1eros y compa\u00f1eras<\/strong> acerca del <strong>trabajo grupal<\/strong> que realizamos y del <strong>concepto de participaci\u00f3n y comunidad<\/strong>, tan utilizado en estos tiempos.<\/p>\n\n\n\n<p>Durante el curso, pens\u00e1bamos en <strong>qu\u00e9 es participar <\/strong>y trat\u00e1bamos de buscar miles de maneras de que <strong>nuestros y nuestras usuarios y usuarias traspasaran los muros de los recursos para formar parte de la comunidad, sin darnos cuenta, a veces, de que llevamos mucho tiempo ya haciendo ese trabajo.<\/strong> <strong>Participamos all\u00e1 donde podemos, estamos en la casa de la mujer de los municipios, asociaciones vecinales, espacios deportivos y culturales, huertos, colegios, institutos, carnavales vecinales, etc.<\/strong> En algunos momentos, nos plante\u00e1bamos que quiz\u00e1, <strong>participar era eso, estar all\u00ed donde podamos tener una voz y darnos a conocer y conocer el entorno en el que estamos<\/strong>, pero tambi\u00e9n hemos pensado que <strong>comunidad son nuestros centros, nuestros grupos y nuestras citas individuales, donde venimos a estar, a compartir, a contar y a crear juntos un espacio seguro, donde somos alguien y si faltamos nos preguntan, nos llaman o nos buscan.<\/strong><\/p>\n\n\n\n<p>Otra idea que sali\u00f3 fue <strong>la posibilidad de no participar como una forma de participar<\/strong> y si tambi\u00e9n es una manera de estar en la comunidad, no queriendo formar parte de ella. <strong>Qu\u00e9 dif\u00edcil es a veces respetar esta decisi\u00f3n<\/strong>, entender que no es el momento o no se puede hacer otra cosa m\u00e1s all\u00e1 de decidir quedarte en casa y no encontrarte con los dem\u00e1s y <strong>qu\u00e9 bonito a la vez poder ir estrechando v\u00ednculos<\/strong>, cuando es posible, en estas situaciones mas complicadas.<\/p>\n\n\n\n<p>Para terminar, rescato la idea con la que comenc\u00e9: <strong>es importante juntarnos para escuchar a los compa\u00f1eros y compa\u00f1eras y compartir nuestro trabajo diario.<\/strong> Agradecer a las profesionales que facilitaron el espacio y los que participamos en \u00e9l de manera tan genuina.<\/p>\n\n\n\n<div style=\"height:37px\" aria-hidden=\"true\" class=\"wp-block-spacer\"><\/div>\n\n\n\n<p><em>Nuria Fern\u00e1ndez Pel\u00e1ez, Centro de Rehabilitaci\u00f3n Psicosocial &#8220;Alcorc\u00f3n&#8221;<\/em><\/p>\n\n\n\n<div style=\"height:31px\" aria-hidden=\"true\" class=\"wp-block-spacer\"><\/div>\n\n\n\n<p>Noticias relacionadas<\/p>\n\n\n\n<figure class=\"wp-block-embed is-type-wp-embed is-provider-fundacion-manantial wp-block-embed-fundacion-manantial\"><div class=\"wp-block-embed__wrapper\">\n<blockquote class=\"wp-embedded-content\" data-secret=\"4THzyNyDdt\"><a href=\"https:\/\/elastic-antonelli.5-250-189-237.plesk.page\/sala-de-prensa\/el-curso-la-participacion-desde-los-margenes-inaugura-el-plan-de-formacion-2022-de-fundacion-manantial\/\">El curso \u201cLa participaci\u00f3n desde los m\u00e1rgenes\u201d inaugura el Plan de Formaci\u00f3n 2022 de Fundaci\u00f3n Manantial<\/a><\/blockquote><iframe class=\"wp-embedded-content\" sandbox=\"allow-scripts\" security=\"restricted\" style=\"position: absolute; clip: rect(1px, 1px, 1px, 1px);\" title=\"\u00abEl curso \u201cLa participaci\u00f3n desde los m\u00e1rgenes\u201d inaugura el Plan de Formaci\u00f3n 2022 de Fundaci\u00f3n Manantial\u00bb \u2014 Fundaci\u00f3n Manantial\" src=\"https:\/\/elastic-antonelli.5-250-189-237.plesk.page\/sala-de-prensa\/el-curso-la-participacion-desde-los-margenes-inaugura-el-plan-de-formacion-2022-de-fundacion-manantial\/embed\/#?secret=i0ALl9dOq7#?secret=4THzyNyDdt\" data-secret=\"4THzyNyDdt\" width=\"500\" height=\"282\" frameborder=\"0\" marginwidth=\"0\" marginheight=\"0\" scrolling=\"no\"><\/iframe>\n<\/div><\/figure>\n\n\n\n<div style=\"height:36px\" aria-hidden=\"true\" class=\"wp-block-spacer\"><\/div>\n","protected":false},"excerpt":{"rendered":"<p>El curso de &#8220;Participaci\u00f3n desde los m\u00e1rgenes&#8221; me ha servido, mas all\u00e1 de los conocimientos te\u00f3ricos que me ha aportado, como un espacio de reflexi\u00f3n para romper la rutina del trabajo diario y poder pensar con los compa\u00f1eros y compa\u00f1eras acerca del trabajo grupal que realizamos y del concepto de participaci\u00f3n y comunidad, tan utilizado [&hellip;]<\/p>\n","protected":false},"author":1,"featured_media":3910,"comment_status":"open","ping_status":"closed","sticky":false,"template":"","format":"standard","meta":{"_acf_changed":false,"give_campaign_id":0,"_seopress_robots_primary_cat":"","_seopress_titles_title":"","_seopress_titles_desc":"","_seopress_robots_index":"","footnotes":""},"categories":[41],"tags":[84,85,65],"class_list":["post-3995","post","type-post","status-publish","format-standard","has-post-thumbnail","hentry","category-blog-salud-mental","tag-formacion","tag-fundacion-manantial","tag-salud-mental"],"acf":[],"_links":{"self":[{"href":"https:\/\/www.fundacionmanantial.org\/en\/wp-json\/wp\/v2\/posts\/3995","targetHints":{"allow":["GET"]}}],"collection":[{"href":"https:\/\/www.fundacionmanantial.org\/en\/wp-json\/wp\/v2\/posts"}],"about":[{"href":"https:\/\/www.fundacionmanantial.org\/en\/wp-json\/wp\/v2\/types\/post"}],"author":[{"embeddable":true,"href":"https:\/\/www.fundacionmanantial.org\/en\/wp-json\/wp\/v2\/users\/1"}],"replies":[{"embeddable":true,"href":"https:\/\/www.fundacionmanantial.org\/en\/wp-json\/wp\/v2\/comments?post=3995"}],"version-history":[{"count":0,"href":"https:\/\/www.fundacionmanantial.org\/en\/wp-json\/wp\/v2\/posts\/3995\/revisions"}],"wp:featuredmedia":[{"embeddable":true,"href":"https:\/\/www.fundacionmanantial.org\/en\/wp-json\/wp\/v2\/media\/3910"}],"wp:attachment":[{"href":"https:\/\/www.fundacionmanantial.org\/en\/wp-json\/wp\/v2\/media?parent=3995"}],"wp:term":[{"taxonomy":"category","embeddable":true,"href":"https:\/\/www.fundacionmanantial.org\/en\/wp-json\/wp\/v2\/categories?post=3995"},{"taxonomy":"post_tag","embeddable":true,"href":"https:\/\/www.fundacionmanantial.org\/en\/wp-json\/wp\/v2\/tags?post=3995"}],"curies":[{"name":"wp","href":"https:\/\/api.w.org\/{rel}","templated":true}]}}