{"id":3991,"date":"2022-04-01T10:17:41","date_gmt":"2022-04-01T09:17:41","guid":{"rendered":"https:\/\/www.fundacionmanantial.org\/prevencion-del-suicidio\/"},"modified":"2022-04-01T10:17:41","modified_gmt":"2022-04-01T09:17:41","slug":"prevencion-del-suicidio","status":"publish","type":"post","link":"https:\/\/www.fundacionmanantial.org\/en\/prevencion-del-suicidio\/","title":{"rendered":"Prevenci\u00f3n del suicidio"},"content":{"rendered":"\n<p>En nuestro hacer diario no son pocas las ocasiones en las que <strong>compartimos espacios de conversaci\u00f3n y reflexi\u00f3n sobre el suicidio<\/strong>. Unas veces responde a <strong>poder dar respuesta a un sufrimiento ps\u00edquico insoportable, otras, al vac\u00edo existencial que invade a la persona hasta la desesperaci\u00f3n.<\/strong> Cuando empec\u00e9 la formaci\u00f3n \u201cPrevenci\u00f3n del suicidio\u201d, manejaba <strong>una idea previa sobre c\u00f3mo tratar el tema y acompa\u00f1ar a la persona en su sufrimiento. <\/strong>No era consciente de que <strong>la manera de tratar el tema estaba atravesada por mi propio temor a, de alguna manera, alentar o incentivar ideas aun incipientes. <\/strong>Cre\u00eda que el hecho de profundizar en ello pod\u00eda alentar de alguna forma, facilitando que la persona llevara a cabo la tentativa autol\u00edtica.<\/p>\n\n\n\n<p>Tener la oportunidad de participar en esta formaci\u00f3n ha sido una suerte. Son muchas las estrategias y herramientas compartidas, as\u00ed como las experiencias y el sentir de las participantes y formadoras. <strong>Tranquiliza saber que el hecho de compartir las experiencias referentes al suicidio no s\u00f3lo no anima a la persona a llevarlo a cabo, sino que supone una liberaci\u00f3n y oportunidad de engancharse de nuevo a la vida. Es importante perder el miedo a verbalizar las sensaciones e ideas que pasan por la mente referentes al suicidio.<\/strong><\/p>\n\n\n\n<p>En esta formaci\u00f3n no s\u00f3lo nos han dado una gu\u00eda sobre c\u00f3mo podemos tratar el tema, sino tambi\u00e9n sobre <strong>c\u00f3mo acercarnos a los que se quedan.<\/strong> Siempre me ha parecido que no hay p\u00e9rdida m\u00e1s dura que la de alguien que decide terminar con su vida. <strong>\u00bfC\u00f3mo poder hablar con los familiares y allegados?<\/strong> Es necesario poder contar con recursos para poder <strong>reducir sus sentimientos de culpa, as\u00ed como acompa\u00f1arles en un duelo lleno de preguntas.<\/strong> Poder contar con un grupo de profesionales que llevan a\u00f1os dedicando su tiempo a estudiar c\u00f3mo abordar el sufrimiento ps\u00edquico cuando llega al l\u00edmite es fundamental. De alguna manera, <strong>hace que me sienta acompa\u00f1ado y con estrategias validadas para poder acompa\u00f1ar a las personas en sus momentos m\u00e1s duros.<\/strong><\/p>\n\n\n\n<p>Para terminar, me gustar\u00eda compartir una experiencia que tuvimos en el centro justo el d\u00eda despu\u00e9s de finalizar la formaci\u00f3n. En el espacio grupal de los viernes, <strong>\u201cCompartiendo historias\u201d<\/strong>, se nos ocurri\u00f3 compartir parte de lo aprendido en el curso con las personas que acudieron a la actividad. <strong>Al hablar sobre el suicidio y ofrecer el espacio, en unos minutos todas las personas que participaban comenzaron a compartir sus propias experiencias. Fue muy revelador ver la naturalidad con la que cada uno compart\u00eda, ya no s\u00f3lo las ideas autol\u00edticas que hab\u00eda tenido, sino los intentos de suicidio que hab\u00edan llevado a cabo a lo largo de su vida. <\/strong>Al finalizar, verbalizaban sentirse m\u00e1s liberadas y sentir que no est\u00e1n solas en esto, que son muchas las personas a las que el sufrimiento ps\u00edquico les puede llevar a plantearse querer terminar con sus vidas, incluso actuarlo en algunas ocasiones.<\/p>\n\n\n\n<div style=\"height:36px\" aria-hidden=\"true\" class=\"wp-block-spacer\"><\/div>\n\n\n\n<p><em>Por <strong>Daniel Botija Palmer<\/strong>, <strong>Centro de Rehabilitaci\u00f3n Psicosocial &#8220;Fuenlabrada&#8221;<\/strong><\/em><\/p>\n\n\n\n<div style=\"height:52px\" aria-hidden=\"true\" class=\"wp-block-spacer\"><\/div>\n","protected":false},"excerpt":{"rendered":"<p>En nuestro hacer diario no son pocas las ocasiones en las que compartimos espacios de conversaci\u00f3n y reflexi\u00f3n sobre el suicidio. Unas veces responde a poder dar respuesta a un sufrimiento ps\u00edquico insoportable, otras, al vac\u00edo existencial que invade a la persona hasta la desesperaci\u00f3n. Cuando empec\u00e9 la formaci\u00f3n \u201cPrevenci\u00f3n del suicidio\u201d, manejaba una idea [&hellip;]<\/p>\n","protected":false},"author":1,"featured_media":3910,"comment_status":"open","ping_status":"closed","sticky":false,"template":"","format":"standard","meta":{"_acf_changed":false,"give_campaign_id":0,"_seopress_robots_primary_cat":"","_seopress_titles_title":"","_seopress_titles_desc":"","_seopress_robots_index":"","footnotes":""},"categories":[41],"tags":[662,107,84,85,61,100,64,516,65,111,195,667],"class_list":["post-3991","post","type-post","status-publish","format-standard","has-post-thumbnail","hentry","category-blog-salud-mental","tag-contra-el-estigma","tag-estigma","tag-formacion","tag-fundacion-manantial","tag-inclusion","tag-prevencion","tag-recuperacion","tag-rehabilitacion","tag-salud-mental","tag-sensibilizacion","tag-suicidio","tag-superacion"],"acf":[],"_links":{"self":[{"href":"https:\/\/www.fundacionmanantial.org\/en\/wp-json\/wp\/v2\/posts\/3991","targetHints":{"allow":["GET"]}}],"collection":[{"href":"https:\/\/www.fundacionmanantial.org\/en\/wp-json\/wp\/v2\/posts"}],"about":[{"href":"https:\/\/www.fundacionmanantial.org\/en\/wp-json\/wp\/v2\/types\/post"}],"author":[{"embeddable":true,"href":"https:\/\/www.fundacionmanantial.org\/en\/wp-json\/wp\/v2\/users\/1"}],"replies":[{"embeddable":true,"href":"https:\/\/www.fundacionmanantial.org\/en\/wp-json\/wp\/v2\/comments?post=3991"}],"version-history":[{"count":0,"href":"https:\/\/www.fundacionmanantial.org\/en\/wp-json\/wp\/v2\/posts\/3991\/revisions"}],"wp:featuredmedia":[{"embeddable":true,"href":"https:\/\/www.fundacionmanantial.org\/en\/wp-json\/wp\/v2\/media\/3910"}],"wp:attachment":[{"href":"https:\/\/www.fundacionmanantial.org\/en\/wp-json\/wp\/v2\/media?parent=3991"}],"wp:term":[{"taxonomy":"category","embeddable":true,"href":"https:\/\/www.fundacionmanantial.org\/en\/wp-json\/wp\/v2\/categories?post=3991"},{"taxonomy":"post_tag","embeddable":true,"href":"https:\/\/www.fundacionmanantial.org\/en\/wp-json\/wp\/v2\/tags?post=3991"}],"curies":[{"name":"wp","href":"https:\/\/api.w.org\/{rel}","templated":true}]}}