{"id":3988,"date":"2022-03-25T07:12:00","date_gmt":"2022-03-25T06:12:00","guid":{"rendered":"https:\/\/www.fundacionmanantial.org\/el-pico-del-desarrollo-y-la-salud-mental\/"},"modified":"2022-03-25T07:12:00","modified_gmt":"2022-03-25T06:12:00","slug":"el-pico-del-desarrollo-y-la-salud-mental","status":"publish","type":"post","link":"https:\/\/www.fundacionmanantial.org\/en\/el-pico-del-desarrollo-y-la-salud-mental\/","title":{"rendered":"El \u201cpico del desarrollo\u201d y la salud mental"},"content":{"rendered":"\n<p class=\"has-text-align-right\"><strong>Por Miguel A. Castej\u00f3n Bellmunt. <\/strong><\/p>\n\n\n\n<p class=\"has-text-align-right\">Psic\u00f3logo cl\u00ednico y comunitario. Consultor en salud mental.  <\/p>\n\n\n\n<div style=\"height:42px\" aria-hidden=\"true\" class=\"wp-block-spacer\"><\/div>\n\n\n\n<p>El \u00faltimo Informe de <strong><a rel=\"noreferrer noopener\" href=\"http:\/\/www.oxfamintermon.org\" target=\"_blank\">Interm\u00f3n OXFAM<\/a><\/strong><em> denominado <strong>\u201cEvoluci\u00f3n de la cohesi\u00f3n social y consecuencias de la Covid-19 en Espa\u00f1a\u201d<\/strong> <a href=\"#_ftn1\"><strong>[1]<\/strong><\/a> <\/em>no debe pasar desapercibido para quienes trabajamos por mejorar las condiciones de vida de las personas, porque sus datos y conclusiones nos ayudan a conocer la realidad y a orientar nuestra pr\u00e1ctica. Se trata del informe anual de la acreditada ONG internacional en el que se refleja c\u00f3mo <strong>la pandemia por Covid sigue incrementando la desigualdad en el mundo.<\/strong>&nbsp;Por cierto, sus fuentes no son sospechosas de comunismo. Son el FMI, el Banco Mundial, Credit Suisse y el Foro Econ\u00f3mico Mundial quienes acreditan que los diez hombres m\u00e1s ricos han duplicado su fortuna que ha pasado de 700.000 millones de d\u00f3lares a 1,5 billones de d\u00f3lares durante los dos primeros a\u00f1os de la pandemia, mientras que los ingresos del 99% de la humanidad han empeorado con la Covid y ha llevado hasta la pobreza a m\u00e1s de 160 millones de personas. En Espa\u00f1a, esta realidad se confirma y concreta en los <strong>seis millones de personas que ya se encuentran en pobreza extrema, el dato m\u00e1s alto desde 2007.<\/strong><\/p>\n\n\n\n<div style=\"height:19px\" aria-hidden=\"true\" class=\"wp-block-spacer\"><\/div>\n\n\n\n<p>El de OXFAM es solo un cap\u00edtulo m\u00e1s de un aut\u00e9ntico sinf\u00edn de informes que anuncian la desigualdad creciente. Es un culebr\u00f3n dram\u00e1tico, pero, por desgracia, real. Estos informes nos documentan <strong>el aumento progresivo de personas en riesgo de exclusi\u00f3n, adultos y ni\u00f1os que sobreviven apenas, incapaces de asegurar la vivienda digna, la alimentaci\u00f3n adecuada, la educaci\u00f3n,&#8230;<\/strong> Informes que repiten, una y otra vez, lo que ya sabemos, pero nos cuesta asimilar:<\/p>\n\n\n\n<ul class=\"wp-block-list\"><li>El <a href=\"https:\/\/es.weforum.org\/\" target=\"_blank\" rel=\"noreferrer noopener\">Foro Econ\u00f3mico Mundial<\/a> public\u00f3 el 12 de enero su edici\u00f3n de Riesgos globales para 2022, entre ellos, las desigualdades sociales <a href=\"#_ftn2\">[2]<\/a>.<\/li><li>El <a href=\"https:\/\/www.bbva.com\/es\/foro-economico-davos\/\" target=\"_blank\" rel=\"noreferrer noopener\">Foro de Davos<\/a> alerta en su Informe de riesgos globales en 2021 de una mayor desigualdad y fragmentaci\u00f3n social <a href=\"#_ftn3\">[3]<\/a>.<\/li><li><a href=\"http:\/\/savethechildren.es\/\" data-type=\"URL\" data-id=\"savethechildren.es\/\">Save the Children<\/a> alerta en su documento \u201c<em>Necesita mejorar: Por un sistema educativo que no deje a nadie atr\u00e1s<\/em>\u201d de las desigualdades en educaci\u00f3n infantil que condena a la pobreza a millones de ni\u00f1os <a href=\"#_ftn4\">[4]<\/a>.<\/li><li>El principal informe anual de <a rel=\"noreferrer noopener\" href=\"https:\/\/www.unicef.es\/\" target=\"_blank\">UNICEF<\/a>, <em>&#8220;El Estado Mundial de la Infancia 2021&#8221;<\/em>, describe un panorama desolador sobre lo que les espera a los ni\u00f1os m\u00e1s pobres del mundo si los gobiernos, los donantes, las empresas y las organizaciones internacionales no aceleran los esfuerzos para solucionar sus necesidades <a href=\"#_ftn5\">[5]<\/a>.<\/li><\/ul>\n\n\n\n<div style=\"height:26px\" aria-hidden=\"true\" class=\"wp-block-spacer\"><\/div>\n\n\n\n<p>Podr\u00eda seguir\u2026 <strong>Y en Espa\u00f1a las cosas no son diferentes:<\/strong><\/p>\n\n\n\n<ul class=\"wp-block-list\"><li>El <em>Informe de Juventud de Espa\u00f1a en 2021<\/em> (<a rel=\"noreferrer noopener\" href=\"https:\/\/www.mdsocialesa2030.gob.es\/\" target=\"_blank\">Ministerio de Asuntos Sociales y Agenda 2030<\/a>) destaca c\u00f3mo <strong>la pandemia ha profundizado la desigualdad educativa y retrasado, a\u00fan m\u00e1s, la emancipaci\u00f3n de los j\u00f3venes.<\/strong><\/li><li>El <a rel=\"noreferrer noopener\" href=\"https:\/\/observatoriodesigualdadandalucia.org\/\" target=\"_blank\">Observatorio de la Desigualdad de Andaluc\u00eda<\/a> alerta en 2021 de que la pandemia ha agravado las brechas sociales.<\/li><li>En 2015, otro informe de OXFAM, denominado <em>Europa para la mayor\u00eda, no para las \u00e9lites <a href=\"#_ftn6\"><strong>[6]<\/strong><\/a><\/em>, situaba a Espa\u00f1a como el pa\u00eds donde m\u00e1s hab\u00eda aumentado ese a\u00f1o la diferencia de ingresos, as\u00ed como el n\u00famero de personas pobres en riesgo de exclusi\u00f3n, pasando del puesto 15\u00ba al 4\u00ba en el ranking de pa\u00edses con mayores diferencias en ingresos entre su poblaci\u00f3n. Desde entonces, la cosa no ha dejado de agravarse. As\u00ed lo documenta el Informe de <a href=\"https:\/\/www.caritas.es\/\" target=\"_blank\" rel=\"noreferrer noopener\">C\u00e1ritas<\/a> y la <a href=\"https:\/\/www.foessa.es\/\" target=\"_blank\" rel=\"noreferrer noopener\">Fundaci\u00f3n Foessa<\/a> (<a href=\"http:\/\/www.foessa.es\/\">www.foessa.es<\/a>) del pasado mes de octubre, detectando que 2,5 millones de espa\u00f1oles hab\u00edan llegado, desde 2018, al espacio de la exclusi\u00f3n social. <strong>Y la pandemia no es la causa. Los males estaban antes. La pandemia los agrav\u00f3 y, si alguna vez se va el Covid o somos capaces de convivir con \u00e9l, las desigualdades seguir\u00e1n creciendo.<\/strong> Como explica Thomas Ubrich, soci\u00f3logo con amplia experiencia en investigaci\u00f3n social y coautor del citado informe de Foessa: \u201cSe est\u00e1 produciendo un deslizamiento imparable y definitivo hacia una sociedad m\u00e1s desigual, m\u00e1s all\u00e1 de la pandemia por Covid\u201d.<\/li><\/ul>\n\n\n\n<p>Mientras seguimos pasivos, cr\u00e9dulos, dependientes, acr\u00edticos y complacientes con la creciente desigualdad social, el mundo avanza por los derroteros descritos y <strong>asistimos al progresivo deterioro de unas condiciones de vida que nos est\u00e1n llevando, cada vez a m\u00e1s personas, a las consultas de psiquiatr\u00eda (cuando conseguimos una cita, claro) sin que sea un problema psiqui\u00e1trico el que padecemos<\/strong>. Ya antes de la pandemia, hasta el 25% de las personas que acud\u00edan a una consulta de psiquiatr\u00eda o psicolog\u00eda no ten\u00edan un problema de salud mental <a href=\"#_ftn7\">[7]<\/a>.<\/p>\n\n\n\n<p>Wilkinson y Picket, y muchos otros despu\u00e9s de ellos (<em>Desigualdad: un an\u00e1lisis de la (in) felicidad colectiva<\/em><a href=\"#_ftn8\">[8]<\/a>) nos explicaron hace m\u00e1s de 10 a\u00f1os (con datos estad\u00edsticos, financieros y de desarrollo proporcionados por la OCDE y el Banco Mundial) que son las <strong>sociedades jer\u00e1rquicas y desiguales, que miden la dignidad de la persona en funci\u00f3n de sus propiedades y capital, las que dan paso a una ciudadan\u00eda subordinada, con escasa autonom\u00eda, sin entramado social y con altas cotas de malestar y sufrimiento ps\u00edquico de sus habitantes<\/strong>. Es la vulneraci\u00f3n previa de sus derechos y la hostilidad cr\u00f3nica a la que est\u00e1n sometidos (acentuada por circunstancias coyunturales, como la pandemia) la que les convierten en personas vulnerables con el consiguiente posterior empeoramiento de su salud.<\/p>\n\n\n\n<p>B\u00e1sicamente, el trabajo de Wilkinson y Picket pueden resumirse <a href=\"#_ftn9\">[9]<\/a> en cinco tesis:<\/p>\n\n\n\n<ol class=\"wp-block-list\" type=\"1\"><li>Para los pa\u00edses desarrollados, un mayor bienestar material no se traduce ya en mejoras en la salud y calidad de vida.<\/li><li>No son las condiciones materiales <em>per se <\/em>las que explican las diferencias de logro de los indicadores de salud, sino la desigual posici\u00f3n relativa que se ocupa en la jerarqu\u00eda social.<\/li><li>El mecanismo que lo genera parece ser fundamentalmente la percepci\u00f3n psicol\u00f3gica de la fragmentaci\u00f3n social.<\/li><li>La disminuci\u00f3n de la desigualdad beneficiar\u00eda a todos, incluso a los ricos.<\/li><li>Se tratar\u00eda de disminuir la desigualdad y recuperar as\u00ed el sentido de comunidad e integraci\u00f3n social.<\/li><\/ol>\n\n\n\n<p>The Equality Trust<a href=\"#_ftn10\">[10]<\/a>, una ONG brit\u00e1nica que trabaja para reducir las desigualdades estructurales en el Reino Unido, se explica as\u00ed el trabajo de Wilkinson y Picket:<\/p>\n\n\n\n<div style=\"height:29px\" aria-hidden=\"true\" class=\"wp-block-spacer\"><\/div>\n\n\n\n<p class=\"has-text-align-center\">\u201cNuestra sociedad ha creado una contradicci\u00f3n enorme: alcanzamos un desarrollo material sin precedentes, pero, a la vez, experimentamos una creciente menor calidad de vida. Esta contradicci\u00f3n nos impide disfrutar de los logros de tal desarrollo. Como colectividad humana buscamos consuelo en consumismos extremos. Esta tendencia nos somete a grandes sufrimientos personales, sociales y ambientales.<\/p>\n\n\n\n<p class=\"has-text-align-center\">Distintas investigaciones sociales en Estados Unidos demuestran el cambio de perspectiva de la sociedad. Se ha transitado de una sociedad grupal alimentada por los v\u00ednculos entre sus miembros a una sociedad como conjunto de individuos en donde cada persona busca la sobrevivencia aisladamente. En el segundo caso, la experiencia de realizar grandes esfuerzos individuales por la supervivencia genera altos niveles de estr\u00e9s y ansiedad.<\/p>\n\n\n\n<p class=\"has-text-align-center\">El alto contraste entre el \u00e9xito material y el fracaso social de los pa\u00edses ricos, hace pensar que m\u00e1s all\u00e1 de cumplir est\u00e1ndares materiales y de crecimiento econ\u00f3mico, es necesario invertir en bienestar social. <strong>La calidad de vida no se produce con el crecimiento econ\u00f3mico absoluto. Por eso, es urgente la toma de conciencia de la actual falta de cohesi\u00f3n social.<\/strong> Conciencia que demande mejores pol\u00edticas sociales orientadas no solo a la extensi\u00f3n de la esperanza de vida sino tambi\u00e9n al disfrute de la misma\u201d.<\/p>\n\n\n\n<div style=\"height:29px\" aria-hidden=\"true\" class=\"wp-block-spacer\"><\/div>\n\n\n\n<p>Parece obvio, llegados aqu\u00ed, que <strong>ya hemos alcanzado un \u201cpico de desarrollo\u201d<\/strong> (o parte alta de la curva que relaciona directamente desarrollo con bienestar) a partir del cual ya no tiene sentido seguir creciendo porque, <strong>a partir de ahora, el desarrollo econ\u00f3mico solo es sin\u00f3nimo de bienestar para unos pocos, a costa del malestar y el sufrimiento de una mayor\u00eda cada vez mayor.<\/strong> O, dicho de otra forma, <strong>estar\u00edamos ante un desarrollo y crecimiento que solo interesa a unos pocos pero que necesita del trabajo del resto.<\/strong><\/p>\n\n\n\n<p>Tener mucho dinero para poder ejercer el poder sobre otros, acceder a comidas y vinos de sibaritas, a viajes ex\u00f3ticos o a casas y coches de lujo son anhelos y expresiones de una riqueza que nos est\u00e1 haciendo m\u00e1s pobres a todos porque nos alejan de lo que nos hizo humanos y nos ayud\u00f3 a progresar realmente: <strong>nuestra capacidad para reconocernos iguales, para cuidarnos unos a otros, para decidir juntos y juntas qu\u00e9 es lo que realmente queremos y necesitamos y para aprender a disfrutar satisfaci\u00e9ndolo.<\/strong><\/p>\n\n\n\n<p><strong>Recuperar el concepto de riqueza que nos devuelve y reconecta con nuestra condici\u00f3n humana resulta, por tanto, saludable y rehabilitador para todos, seamos o no pacientes. <\/strong>Y, en mi opini\u00f3n, <strong>quienes trabajamos en salud mental debemos facilitar que surjan espacios y oportunidades para que eso sea, cada vez, un poco m\u00e1s posible.<\/strong><\/p>\n\n\n\n<div style=\"height:49px\" aria-hidden=\"true\" class=\"wp-block-spacer\"><\/div>\n\n\n\n<p><em>Miguel Castej\u00f3n ha sido durante m\u00e1s de 20 a\u00f1os director de Atenci\u00f3n Social y posteriormente director de Desarrollo de proyectos y cooperaci\u00f3n en Fundaci\u00f3n Manantial.<\/em><\/p>\n\n\n\n<p><a href=\"mailto:miguelcastejon2210@gmail.com\">miguelcastejon2210@gmail.com<\/a><\/p>\n\n\n\n<div style=\"height:25px\" aria-hidden=\"true\" class=\"wp-block-spacer\"><\/div>\n\n\n\n<hr class=\"wp-block-separator\"\/>\n\n\n\n<p><a href=\"#_ftnref1\">[1]<\/a> <a href=\"https:\/\/www.eldiario.es\/economia\/diez-hombres-ricos-duplican-patrimonio-ingresos-99-restante-deteriora-covid_1-8657833.thml\">https:\/\/www.eldiario.es\/<\/a><a href=\"https:\/\/www.eldiario.es\/economia\/diez-hombres-ricos-duplican-patrimonio-ingresos-99-restante-deteriora-covid_1-8657833.thml\">economia\/diez-hombres-ricos-duplican-patrimonio-ingresos-99-restante-deteriora-covid_1-8657833.thml<\/a><\/p>\n\n\n\n<p><a href=\"#_ftnref2\">[2]<\/a> <a href=\"https:\/\/www.france24.com\/es\/europa\/20220111-fem-riesgos-globales-desigualdad-cambio-climatico\">https:\/\/www.france24.com\/es\/europa\/20220111-fem-riesgos-globales-desigualdad-cambio-climatico<\/a><\/p>\n\n\n\n<p><a href=\"#_ftnref3\">[3]<\/a> <a href=\"https:\/\/www.elperiodico.com\/es\/economia\/20210119\/foro-davos-alerta-mayor-desigualdad-11463302\">https:\/\/www.elperiodico.com\/es\/economia\/20210119\/foro-davos-alerta-mayor-desigualdad-11463302<\/a><\/p>\n\n\n\n<p><a href=\"#_ftnref4\">[4]<\/a> <a href=\"https:\/\/www.savethechildren.es\/sites\/default\/files\/imce\/docs\/necesita-mejorar-fracaso-escolar-savethechildren-ok.pdf\">https:\/\/www.savethechildren.es\/sites\/default\/files\/imce\/docs\/necesita-mejorar-fracaso-escolar-savethechildren-ok.pdf<\/a><\/p>\n\n\n\n<p><a href=\"#_ftnref5\">[5]<\/a> <a href=\"https:\/\/www.unicef.org\/es\/informes\/estado-mundial-de-la-infancia-2021\">https:\/\/www.unicef.org\/es\/informes\/estado-mundial-de-la-infancia-2021<\/a><\/p>\n\n\n\n<p><a href=\"#_ftnref6\">[6]<\/a> <a href=\"https:\/\/cdn2.hubspot.net\/hubfs\/426027\/Oxfam-Website\/oi-informes\/europa-mayoria-no-elites.pdf\">https:\/\/cdn2.hubspot.net\/hubfs\/426027\/Oxfam-Website\/oi-informes\/europa-mayoria-no-elites.pdf<\/a><\/p>\n\n\n\n<p><a href=\"#_ftnref7\">[7]<\/a> Alberto Ortiz Lobo en: Hacia una psiquiatr\u00eda cr\u00edtica\u201d de Alberto Ortiz Lobo. Colecci\u00f3n Salud Mental Colectiva. Editorial Grupo 5 Madrid)<\/p>\n\n\n\n<p><a href=\"#_ftnref8\">[8]<\/a>. Desigualdad,&nbsp; Un an\u00e1lisis de la (in)felicidad colectiva (The spirit level. Why more equal societies almost always do better), Richard Wilkinson, Kate Pickett.Turner Publications, Madrid (2009). 315 pp, ISBN: 978-84-7506-918-0<\/p>\n\n\n\n<p><a href=\"#_ftnref9\">[9]<\/a>. Xavier Bartoll y Davide Malmusi (Ag\u00e8ncia de Salut P\u00fablica de Barcelona, Espa\u00f1a. Correo electr\u00f3nico: <a href=\"mailto:xbartoll@aspb.cat\">xbartoll@aspb.cat<\/a> (X. Bartoll) en:Gaceta&nbsp; Sanitaria, vol.25, no.4, Barcelona. Jul.\/ago. 2011)<\/p>\n\n\n\n<p><a href=\"#_ftnref10\">[10]<\/a>www.equalitytrust.org.uk<\/p>\n\n\n\n<div style=\"height:57px\" aria-hidden=\"true\" class=\"wp-block-spacer\"><\/div>\n","protected":false},"excerpt":{"rendered":"<p>Por Miguel A. Castej\u00f3n Bellmunt. Psic\u00f3logo cl\u00ednico y comunitario. Consultor en salud mental. El \u00faltimo Informe de Interm\u00f3n OXFAM denominado \u201cEvoluci\u00f3n de la cohesi\u00f3n social y consecuencias de la Covid-19 en Espa\u00f1a\u201d [1] no debe pasar desapercibido para quienes trabajamos por mejorar las condiciones de vida de las personas, porque sus datos y conclusiones nos [&hellip;]<\/p>\n","protected":false},"author":1,"featured_media":3989,"comment_status":"open","ping_status":"closed","sticky":false,"template":"","format":"standard","meta":{"_acf_changed":false,"give_campaign_id":0,"_seopress_robots_primary_cat":"","_seopress_titles_title":"","_seopress_titles_desc":"","_seopress_robots_index":"","footnotes":""},"categories":[41],"tags":[],"class_list":["post-3988","post","type-post","status-publish","format-standard","has-post-thumbnail","hentry","category-blog-salud-mental"],"acf":[],"_links":{"self":[{"href":"https:\/\/www.fundacionmanantial.org\/en\/wp-json\/wp\/v2\/posts\/3988","targetHints":{"allow":["GET"]}}],"collection":[{"href":"https:\/\/www.fundacionmanantial.org\/en\/wp-json\/wp\/v2\/posts"}],"about":[{"href":"https:\/\/www.fundacionmanantial.org\/en\/wp-json\/wp\/v2\/types\/post"}],"author":[{"embeddable":true,"href":"https:\/\/www.fundacionmanantial.org\/en\/wp-json\/wp\/v2\/users\/1"}],"replies":[{"embeddable":true,"href":"https:\/\/www.fundacionmanantial.org\/en\/wp-json\/wp\/v2\/comments?post=3988"}],"version-history":[{"count":0,"href":"https:\/\/www.fundacionmanantial.org\/en\/wp-json\/wp\/v2\/posts\/3988\/revisions"}],"wp:featuredmedia":[{"embeddable":true,"href":"https:\/\/www.fundacionmanantial.org\/en\/wp-json\/wp\/v2\/media\/3989"}],"wp:attachment":[{"href":"https:\/\/www.fundacionmanantial.org\/en\/wp-json\/wp\/v2\/media?parent=3988"}],"wp:term":[{"taxonomy":"category","embeddable":true,"href":"https:\/\/www.fundacionmanantial.org\/en\/wp-json\/wp\/v2\/categories?post=3988"},{"taxonomy":"post_tag","embeddable":true,"href":"https:\/\/www.fundacionmanantial.org\/en\/wp-json\/wp\/v2\/tags?post=3988"}],"curies":[{"name":"wp","href":"https:\/\/api.w.org\/{rel}","templated":true}]}}