{"id":3979,"date":"2021-12-17T12:32:19","date_gmt":"2021-12-17T11:32:19","guid":{"rendered":"https:\/\/www.fundacionmanantial.org\/la-supervision-de-nuestro-trabajo-la-experiencia-de-hortaleza\/"},"modified":"2021-12-17T12:32:19","modified_gmt":"2021-12-17T11:32:19","slug":"la-supervision-de-nuestro-trabajo-la-experiencia-de-hortaleza","status":"publish","type":"post","link":"https:\/\/www.fundacionmanantial.org\/en\/la-supervision-de-nuestro-trabajo-la-experiencia-de-hortaleza\/","title":{"rendered":"La supervisi\u00f3n de nuestro trabajo: la experiencia de Hortaleza"},"content":{"rendered":"\n<p>Desde hace m\u00e1s de 12 a\u00f1os, los equipos de trabajo que tienen atenci\u00f3n directa a usuarios en cualquiera de los programas, servicios y recursos que gestiona Fundaci\u00f3n Manantial, cuentan a su disposici\u00f3n con una&nbsp;<strong>herramienta de formaci\u00f3n e intervenci\u00f3n y una metodolog\u00eda estructurada de trabajo<\/strong>&nbsp;denominada&nbsp;<strong>supervisi\u00f3n<\/strong>.<\/p>\n\n\n\n<p>Pero, \u00bfqu\u00e9 es la supervisi\u00f3n? Utilizaremos las palabras de Carmina Puig, profesora de la Universidad Rovira i Virgili de Tarragona, en su art\u00edculo \u201cLa supervisi\u00f3n en los equipos de Servicios Sociales: una oportunidad para la reflexi\u00f3n, el pensamiento y el cuidado de los profesionales\u201d:&nbsp;<em>La supervisi\u00f3n es el an\u00e1lisis de la pr\u00e1ctica profesional que realizan los trabajadores de \u00e1mbitos psicosociales. Es un trabajo sobre el trabajo, un meta trabajo que se sit\u00faa en la interfaz entre el aprendizaje, la formaci\u00f3n, la educaci\u00f3n y el apoyo en una organizaci\u00f3n o instituci\u00f3n. La supervisi\u00f3n en la intervenci\u00f3n social, llevada a cabo por un supervisor externo a la instituci\u00f3n, es un proceso y una relaci\u00f3n que tiene como objetivo revisar el trabajo profesional y los sentimientos que acompa\u00f1an la actividad. Tambi\u00e9n ayuda a contrastar los marcos te\u00f3ricos y conceptuales con la praxis cotidiana<\/em>.<\/p>\n\n\n\n<p><a rel=\"noreferrer noopener\" href=\"https:\/\/elastic-antonelli.5-250-189-237.plesk.page\/la-supervision-una-herramienta-para-reflexionar-sobre-nuestro-trabajo\/\" target=\"_blank\">Saber m\u00e1s sobre las supervisiones en Fundaci\u00f3n Manantial<\/a><\/p>\n\n\n\n<div style=\"height:48px\" aria-hidden=\"true\" class=\"wp-block-spacer\"><\/div>\n\n\n\n<p><strong>El equipo del Centro de Rehabilitaci\u00f3n Psicosocial \u00abHortaleza\u00bb cuenta su experiencia, a qu\u00e9 les ha ayudado esta herramienta y qu\u00e9 ha supuesto en su forma de trabajar.<\/strong><\/p>\n\n\n\n<p>Desde el <strong>Centro de Rehabilitaci\u00f3n Psicosocial (CRPS) \u00abHortaleza\u00bb<\/strong> consideramos <strong>la supervisi\u00f3n como la herramienta t\u00e9cnica que permite revisar nuestra tarea profesional en un clima de confianza. <\/strong>Desde nuestra experiencia, percibimos que nos brinda las condiciones y el espacio por las que <strong>el equipo tiene la oportunidad de escucharse, pensarse y cuestionarse sobre la intervenci\u00f3n que se lleva a cabo tanto a nivel individual como grupal, familiar e incluso social. <\/strong>A trav\u00e9s de una pregunta, el equipo va construyendo una cultura de trabajo que transciende a la cuesti\u00f3n concreta que se decide supervisar.<\/p>\n\n\n\n<p>De este modo, desde nuestra experiencia, <strong>a trav\u00e9s de preguntas concretas que nos surg\u00edan respecto a nuestra intervenci\u00f3n<\/strong> a nivel individual, fuimos haciendo un pasaje <strong>reflexionando sobre nuestra labor y lugar a ocupar como dispositivo dentro del proceso de recuperaci\u00f3n de una persona, de la red de rehabilitaci\u00f3n, incluso de lo social. <\/strong>Revisando para ello nuestro quehacer respecto a la intervenci\u00f3n grupal, derivando finalmente en poder pensar acerca de nuestra labor profesional, nuestra funci\u00f3n y por lo tanto nuestro lugar a ocupar <strong>pudiendo revisar con ello la metodolog\u00eda de trabajo, as\u00ed como las estrategias t\u00e9cnicas que venimos desarrollando para llevarla a cabo.<\/strong><\/p>\n\n\n\n<p>En este sentido, <strong>valoramos que se hace necesario contar con una mirada externa, que permita considerar nuevas perspectivas, estrategias y puntos de vista poniendo de manifiesto los puntos ciegos y nuevas hip\u00f3tesis de trabajo que puedan ir surgiendo. La supervisi\u00f3n supone<\/strong>, en este sentido, <strong>una oportunidad de crecimiento<\/strong>, haci\u00e9ndose efectiva a trav\u00e9s del efecto que produce en el equipo, poniendo en valor lo significativo que puede resultar el proceso.<\/p>\n\n\n\n<p>En t\u00e9rminos generales, consideramos que la supervisi\u00f3n nos permite reflexionar acerca de la labor que, como centro, nos ocupa, teniendo en cuenta el contexto y el hist\u00f3rico que nos atraviesa. A nuestro modo de entender, <strong>se trata de, partiendo de las diferencias, pensar sobre nuestra finalidad para construir una metodolog\u00eda de trabajo acorde al lugar y la funci\u00f3n que nos ocupa. <\/strong>Partiendo desde lo concreto, abordamos cuestiones transversales que tienen un efecto en nuestra labor profesional.<\/p>\n\n\n\n<p>Por tanto, <strong>la supervisi\u00f3n pone en cuestionamiento inercias de las que en ocasiones no somos conscientes<\/strong>, que en algunos momentos pueden estar funcionando como pilar fundamental sobre el que descansa cierta sensaci\u00f3n de falsa seguridad, motivo por el que conviene poder <strong>respetar los tiempos del equipo, teniendo en cuenta que cada cual tendr\u00e1 su momento, su predisposici\u00f3n al hecho de supervisar, su demanda, sus resistencias, etc.\u00a0\u00a0<\/strong><\/p>\n\n\n\n<p>Al respecto <strong>hay que tener en cuenta que atender a personas con problemas de salud mental, implica manejar situaciones y vivencias que requieren de una elevada exigencia, tanto en lo profesional como en lo emocional. <\/strong>A pesar de ello, consideramos que la supervisi\u00f3n tiene un efecto que puede resultar transformador, siendo un espacio en el que el trabajador puede sentirse cuidado. Es una oportunidad que se brinda a los profesionales para poder compartir y reflexionar, adem\u00e1s de <strong>entender la supervisi\u00f3n como un recurso que ofrece la Fundaci\u00f3n Manantial con la finalidad de garantizar una buena praxis profesional y una forma de cuidar a quienes ocupan la labor de cuidar desde un lugar t\u00e9cnico, \u00e9tico y profesional.<\/strong><\/p>\n\n\n\n<div style=\"height:31px\" aria-hidden=\"true\" class=\"wp-block-spacer\"><\/div>\n\n\n\n<p><em>Equipo del Centro de Rehabilitaci\u00f3n Psicosocial \u00abHortaleza\u00bb <\/em><\/p>\n\n\n\n<div style=\"height:27px\" aria-hidden=\"true\" class=\"wp-block-spacer\"><\/div>\n","protected":false},"excerpt":{"rendered":"<p>Desde hace m\u00e1s de 12 a\u00f1os, los equipos de trabajo que tienen atenci\u00f3n directa a usuarios en cualquiera de los programas, servicios y recursos que gestiona Fundaci\u00f3n Manantial, cuentan a su disposici\u00f3n con una&nbsp;herramienta de formaci\u00f3n e intervenci\u00f3n y una metodolog\u00eda estructurada de trabajo&nbsp;denominada&nbsp;supervisi\u00f3n. Pero, \u00bfqu\u00e9 es la supervisi\u00f3n? Utilizaremos las palabras de Carmina Puig, [&hellip;]<\/p>\n","protected":false},"author":1,"featured_media":3980,"comment_status":"open","ping_status":"closed","sticky":false,"template":"","format":"standard","meta":{"_acf_changed":false,"give_campaign_id":0,"_seopress_robots_primary_cat":"","_seopress_titles_title":"","_seopress_titles_desc":"","_seopress_robots_index":"","footnotes":""},"categories":[41],"tags":[84,516,65],"class_list":["post-3979","post","type-post","status-publish","format-standard","has-post-thumbnail","hentry","category-blog-salud-mental","tag-formacion","tag-rehabilitacion","tag-salud-mental"],"acf":[],"_links":{"self":[{"href":"https:\/\/www.fundacionmanantial.org\/en\/wp-json\/wp\/v2\/posts\/3979","targetHints":{"allow":["GET"]}}],"collection":[{"href":"https:\/\/www.fundacionmanantial.org\/en\/wp-json\/wp\/v2\/posts"}],"about":[{"href":"https:\/\/www.fundacionmanantial.org\/en\/wp-json\/wp\/v2\/types\/post"}],"author":[{"embeddable":true,"href":"https:\/\/www.fundacionmanantial.org\/en\/wp-json\/wp\/v2\/users\/1"}],"replies":[{"embeddable":true,"href":"https:\/\/www.fundacionmanantial.org\/en\/wp-json\/wp\/v2\/comments?post=3979"}],"version-history":[{"count":0,"href":"https:\/\/www.fundacionmanantial.org\/en\/wp-json\/wp\/v2\/posts\/3979\/revisions"}],"wp:featuredmedia":[{"embeddable":true,"href":"https:\/\/www.fundacionmanantial.org\/en\/wp-json\/wp\/v2\/media\/3980"}],"wp:attachment":[{"href":"https:\/\/www.fundacionmanantial.org\/en\/wp-json\/wp\/v2\/media?parent=3979"}],"wp:term":[{"taxonomy":"category","embeddable":true,"href":"https:\/\/www.fundacionmanantial.org\/en\/wp-json\/wp\/v2\/categories?post=3979"},{"taxonomy":"post_tag","embeddable":true,"href":"https:\/\/www.fundacionmanantial.org\/en\/wp-json\/wp\/v2\/tags?post=3979"}],"curies":[{"name":"wp","href":"https:\/\/api.w.org\/{rel}","templated":true}]}}