{"id":3973,"date":"2022-01-10T05:58:00","date_gmt":"2022-01-10T04:58:00","guid":{"rendered":"https:\/\/www.fundacionmanantial.org\/adolescentes-trabajo-en-red-y-covid\/"},"modified":"2022-01-10T05:58:00","modified_gmt":"2022-01-10T04:58:00","slug":"adolescentes-trabajo-en-red-y-covid","status":"publish","type":"post","link":"https:\/\/www.fundacionmanantial.org\/en\/adolescentes-trabajo-en-red-y-covid\/","title":{"rendered":"&#8220;Adolescentes, trabajo en red y Covid&#8221;"},"content":{"rendered":"\n<p>Llego al curso <strong>&#8220;Problem\u00e1tica actual en adolescentes y j\u00f3venes con problemas de Salud Mental&#8221;<\/strong> con bastante curiosidad, no s\u00f3lo por la tem\u00e1tica, sino porque la ponencia de <strong><a rel=\"noreferrer noopener\" href=\"https:\/\/twitter.com\/joubpa?ref_src=twsrc%5Egoogle%7Ctwcamp%5Eserp%7Ctwgr%5Eauthor\" target=\"_blank\">Jos\u00e9 Ram\u00f3n Ubieto<\/a><\/strong> en las <a href=\"https:\/\/elastic-antonelli.5-250-189-237.plesk.page\/sala-de-prensa\/las-relaciones-interpersonales-son-esenciales-para-la-salud-mental\/\" target=\"_blank\" rel=\"noreferrer noopener\">jornadas de Fundaci\u00f3n Manantial<\/a> fue un estimulante aperitivo de su perspectiva, propuesta y capacidad para comunicar did\u00e1cticamente a\u00fan con una pantalla de por medio.<\/p>\n\n\n\n<p>Ubieto comenz\u00f3 situ\u00e1ndonos en el contexto en el que vivimos, <strong>poniendo palabras a las intensas transformaciones que estamos viviendo de forma acelerada en los \u00faltimos tiempos. <\/strong>El postre, <strong>la pandemia<\/strong>, lo dej\u00f3 para el \u00faltimo d\u00eda. Tres contextos, <strong>el sociolaboral, el familiar y el tecnol\u00f3gico<\/strong> son los que enumer\u00f3 para ayudar a comprender en qu\u00e9 realidad estamos inmersos y las consecuencias que tiene para nosotras mismas y que conviene tener en cuenta en nuestro trabajo en general y, con los adolescentes y j\u00f3venes en particular.<\/p>\n\n\n\n<p>Del \u00faltimo contexto, el tecnol\u00f3gico y la creciente importancia que ha tomado en nuestras vidas,<strong> surge el primer reto como profesionales: combinar lo presencial y lo virtual de manera que lo \u00faltimo no sustituya a lo primero, sino que sirva para evocarlo.<\/strong> Para ello debemos darle un nuevo valor a la presencia, <strong>la \u201cpresencia atenta\u201d<\/strong>, aquella que supone <strong>un contacto real con el otro, una vinculaci\u00f3n y no una simple conexi\u00f3n<\/strong>, utilizando siempre como herramienta la <strong>conversaci\u00f3n<\/strong>.<\/p>\n\n\n\n<p>Ubieto nos da <strong>claves para entender a los adolescentes<\/strong>, quienes deben enfrentarse a dos demandas: <strong>el reto de encontrar un lugar social en el mundo adulto y tratar de domesticar el propio cuerpo<\/strong>, inmerso en profundas transformaciones y nos se\u00f1ala <strong>la importancia del grupo, los iguales como primer refugio para ellos.<\/strong><\/p>\n\n\n\n<p>Abordamos <strong>el trabajo en red<\/strong>, algo constitutivo de nuestra labor diaria y volvemos a <strong>la conversaci\u00f3n como herramienta fundamental para construir un caso<\/strong> articulando las ideas de todos los implicados y sirvi\u00e9ndonos de ese espacio para <strong>compartir las angustias propias que supone el trabajo con personas<\/strong>.<\/p>\n\n\n\n<p>Hubo tiempo para realizar un an\u00e1lisis de la situaci\u00f3n actual, la <strong>pandemia<\/strong>, para entender las consecuencias a nivel social y para pararnos a pensar en las propias, en <strong>c\u00f3mo ha pasado por nuestros cuerpos<\/strong>. Algo especialmente interesante y relevante dada la velocidad con que <strong>actualmente pasamos de una actividad a otra sin tiempo para reflexionar qu\u00e9 pensamos, sentimos o hacemos.<\/strong><\/p>\n\n\n\n<p>Ubieto proporcion\u00f3 una cantidad ingente de <strong>conceptos, herramientas y claves para entender el trabajo con adolescentes y j\u00f3venes que nos pueden servir de br\u00fajula para atrevernos a proponer y experimentar en los recursos que atendemos.<\/strong><\/p>\n\n\n\n<div style=\"height:25px\" aria-hidden=\"true\" class=\"wp-block-spacer\"><\/div>\n\n\n\n<p><em>Ana de Abajo Molinero, Equipo de Apoyo Social Comunitario Rural &#8220;Arganda&#8221;<\/em><\/p>\n\n\n\n<div style=\"height:56px\" aria-hidden=\"true\" class=\"wp-block-spacer\"><\/div>\n","protected":false},"excerpt":{"rendered":"<p>Llego al curso &#8220;Problem\u00e1tica actual en adolescentes y j\u00f3venes con problemas de Salud Mental&#8221; con bastante curiosidad, no s\u00f3lo por la tem\u00e1tica, sino porque la ponencia de Jos\u00e9 Ram\u00f3n Ubieto en las jornadas de Fundaci\u00f3n Manantial fue un estimulante aperitivo de su perspectiva, propuesta y capacidad para comunicar did\u00e1cticamente a\u00fan con una pantalla de por [&hellip;]<\/p>\n","protected":false},"author":1,"featured_media":3910,"comment_status":"open","ping_status":"closed","sticky":false,"template":"","format":"standard","meta":{"_acf_changed":false,"give_campaign_id":0,"_seopress_robots_primary_cat":"","_seopress_titles_title":"","_seopress_titles_desc":"","_seopress_robots_index":"","footnotes":""},"categories":[41],"tags":[],"class_list":["post-3973","post","type-post","status-publish","format-standard","has-post-thumbnail","hentry","category-blog-salud-mental"],"acf":[],"_links":{"self":[{"href":"https:\/\/www.fundacionmanantial.org\/en\/wp-json\/wp\/v2\/posts\/3973","targetHints":{"allow":["GET"]}}],"collection":[{"href":"https:\/\/www.fundacionmanantial.org\/en\/wp-json\/wp\/v2\/posts"}],"about":[{"href":"https:\/\/www.fundacionmanantial.org\/en\/wp-json\/wp\/v2\/types\/post"}],"author":[{"embeddable":true,"href":"https:\/\/www.fundacionmanantial.org\/en\/wp-json\/wp\/v2\/users\/1"}],"replies":[{"embeddable":true,"href":"https:\/\/www.fundacionmanantial.org\/en\/wp-json\/wp\/v2\/comments?post=3973"}],"version-history":[{"count":0,"href":"https:\/\/www.fundacionmanantial.org\/en\/wp-json\/wp\/v2\/posts\/3973\/revisions"}],"wp:featuredmedia":[{"embeddable":true,"href":"https:\/\/www.fundacionmanantial.org\/en\/wp-json\/wp\/v2\/media\/3910"}],"wp:attachment":[{"href":"https:\/\/www.fundacionmanantial.org\/en\/wp-json\/wp\/v2\/media?parent=3973"}],"wp:term":[{"taxonomy":"category","embeddable":true,"href":"https:\/\/www.fundacionmanantial.org\/en\/wp-json\/wp\/v2\/categories?post=3973"},{"taxonomy":"post_tag","embeddable":true,"href":"https:\/\/www.fundacionmanantial.org\/en\/wp-json\/wp\/v2\/tags?post=3973"}],"curies":[{"name":"wp","href":"https:\/\/api.w.org\/{rel}","templated":true}]}}