{"id":3972,"date":"2021-12-29T05:59:00","date_gmt":"2021-12-29T04:59:00","guid":{"rendered":"https:\/\/www.fundacionmanantial.org\/enfoque-de-genero-en-salud-mental\/"},"modified":"2021-12-29T05:59:00","modified_gmt":"2021-12-29T04:59:00","slug":"enfoque-de-genero-en-salud-mental","status":"publish","type":"post","link":"https:\/\/www.fundacionmanantial.org\/en\/enfoque-de-genero-en-salud-mental\/","title":{"rendered":"&#8220;Enfoque de g\u00e9nero en salud mental&#8221;"},"content":{"rendered":"\n<p>\u00bfDe qu\u00e9 hablamos cuando nombramos la palabra &#8216;<strong>G\u00e9nero<\/strong>&#8216;? \u00bfC\u00f3mo lo articulamos con la <strong>Salud Mental<\/strong>? <strong>Diferenciar entre g\u00e9nero y sexo es fundamental para articular ambos conceptos<\/strong>: G\u00e9nero y Salud Mental.<\/p>\n\n\n\n<p><strong>El sexo tiene una categor\u00eda biol\u00f3gica<\/strong> (anat\u00f3micas y fisiol\u00f3gicas) entre macho y hembra; <strong>sin embargo, el g\u00e9nero adquiere una categor\u00eda social<\/strong>, relacionada con estereotipos y roles desde una socializaci\u00f3n diferenciada, poniendo nombre a una forma de ser y de sentir, expectativas de comportamiento, habilidades de destreza, roles, responsabilidades, etc. siendo <strong>construcciones sociales y que van cambiando a lo largo del tiempo<\/strong>.<\/p>\n\n\n\n<p>La perspectiva feminista nos lleva a analizar los roles, aludiendo a funci\u00f3n, tarea, papel, pero tambi\u00e9n a interpretaci\u00f3n en el sentido teatral (con nuestros cuerpos) y <strong>c\u00f3mo estas condiciones de existencia construyen subjetividad<\/strong>. Podr\u00edamos decir que <strong>podemos perder salud a consecuencia de los mandatos sociales o patriarcales, y el g\u00e9nero es el principio de la organizaci\u00f3n social que construye las relaciones de poder y las desigualdades entre las personas dentro de una sociedad atravesada por estos roles.\u00a0<\/strong><\/p>\n\n\n\n<p>Podr\u00edamos decir que la <strong>identidad de g\u00e9nero<\/strong> funciona como un <strong>criterio de diferenciaci\u00f3n<\/strong>. En los que hay unos que ganan y otros que pierden. Por ejemplo, el conocimiento de la historia sobre la humanidad conlleva estudiar la \u201chistoria del hombre\u201d. As\u00ed se nombra, conviviendo en una sociedad atravesada por <strong>una historia escrita por hombres (androcentrista). La teor\u00eda feminista viene a reconstruir una historia de encarcelamiento psicol\u00f3gico y social de las mujeres.<\/strong><\/p>\n\n\n\n<p>Tenemos que mirar hacia la \u00e9poca de la Ilustraci\u00f3n para revisar dos tipos de <strong>opresiones<\/strong> que, aunque incre\u00edble, siguen instaladas: primera, <strong>todas las mujeres somos id\u00e9nticas o sustituibles, promoviendo la comparaci\u00f3n entre mujeres. <\/strong>Segunda, <strong>a las mujeres se le colocaba en el lugar de la naturaleza <\/strong>(cuidado, las relaciones con los dem\u00e1s y soporte emocional), por tanto, <strong>el saber de las mujeres est\u00e1 \u00edntimamente relacionado con los cuidados.<\/strong> Las mujeres que se mantienen fuera de estos lugares sociales asignados (mandato de agradar), son mujeres inadecuadas y<strong> sufren el rechazo las mujeres que se comportan fuera de los mandatos sociales, apareciendo el sentimiento de culpa y, en consecuencia, la p\u00e9rdida de autonom\u00eda.<\/strong><\/p>\n\n\n\n<p>La <strong>autonom\u00eda <\/strong>est\u00e1 relacionada con el concepto de <strong>autoafirmaci\u00f3n<\/strong>, \u201cc\u00f3mo organizo mi vida para tomar decisiones y tener la vida que quiero\u201d. Por ejemplo, si hablamos de <strong>maternidad <\/strong>y el ideal de ser madre (\u201cyo la \u00faltima\u201d, siempre estar disponible, siempre comprende), <strong>es necesario cuestionarse como madre y entender que, con el beb\u00e9, son dos sujetos diferentes \u201cyo soy algo m\u00e1s que una madre para ti\u201d y aprender a dejar de querer. <\/strong>De esta forma, lo m\u00e1s importante no ser\u00eda el amor o \u201cque me quieran\u201d, sino la <strong>autodeterminaci\u00f3n<\/strong>.<\/p>\n\n\n\n<p>Los seres humanos necesitamos relacionarnos con los dem\u00e1s, pero tambi\u00e9n<strong> necesitamos ser agentes de nuestra propia vida.<\/strong> Para conseguir esto, los espacios entre mujeres como espacios de reconocimiento no son suficiente, hay que <strong>incluir la emancipaci\u00f3n y la diferencia porque cada mujer ha construido algunos de estos aspectos desde su subjetividad.<\/strong><\/p>\n\n\n\n<p>La Escuela de Fr\u00e1ncfort aporta algunos apuntes al <strong>enigma de la docilidad <\/strong>(perpetuaci\u00f3n del sometimiento). Estudia los mecanismos que tenemos las personas a perpetuar el fascismo (c\u00f3mo se internaliza el fascismo). Ellos desmenuzan el sistema en el que estamos para <strong>entender la docilidad y c\u00f3mo se incorporan los valores hegem\u00f3nicos para llegar a la conclusi\u00f3n de que todas sacamos rentabilidad o beneficios.<\/strong><\/p>\n\n\n\n<p>Por tanto, podemos decir que las necesidades son enga\u00f1osas porque habr\u00eda que pensar desde d\u00f3nde vienen y qu\u00e9 rentabilidad o beneficios les sacamos. <strong>Tener una necesidad no significa que tenga que ser cubierta por los otros, desde aqu\u00ed se construye la autoafirmaci\u00f3n.<\/strong><\/p>\n\n\n\n<div style=\"height:39px\" aria-hidden=\"true\" class=\"wp-block-spacer\"><\/div>\n\n\n\n<p><em>Inmaculada Casillas (Centro de D\u00eda &#8220;Barajas&#8221;) sobre el curso de formaci\u00f3n interna &#8220;Enfoque de g\u00e9nero en salud mental&#8221; impartido por Nora Levinton, Yolanda Bern\u00e1rdez y Ana T\u00e1vora.<\/em><\/p>\n\n\n\n<div style=\"height:50px\" aria-hidden=\"true\" class=\"wp-block-spacer\"><\/div>\n","protected":false},"excerpt":{"rendered":"<p>\u00bfDe qu\u00e9 hablamos cuando nombramos la palabra &#8216;G\u00e9nero&#8216;? \u00bfC\u00f3mo lo articulamos con la Salud Mental? Diferenciar entre g\u00e9nero y sexo es fundamental para articular ambos conceptos: G\u00e9nero y Salud Mental. El sexo tiene una categor\u00eda biol\u00f3gica (anat\u00f3micas y fisiol\u00f3gicas) entre macho y hembra; sin embargo, el g\u00e9nero adquiere una categor\u00eda social, relacionada con estereotipos y [&hellip;]<\/p>\n","protected":false},"author":1,"featured_media":3910,"comment_status":"open","ping_status":"closed","sticky":false,"template":"","format":"standard","meta":{"_acf_changed":false,"give_campaign_id":0,"_seopress_robots_primary_cat":"","_seopress_titles_title":"","_seopress_titles_desc":"","_seopress_robots_index":"","footnotes":""},"categories":[41],"tags":[253,579,673,674,99,64,65,675],"class_list":["post-3972","post","type-post","status-publish","format-standard","has-post-thumbnail","hentry","category-blog-salud-mental","tag-enfermedad-mental","tag-feminismo","tag-feminista","tag-genero","tag-maternidad","tag-recuperacion","tag-salud-mental","tag-subjetividad"],"acf":[],"_links":{"self":[{"href":"https:\/\/www.fundacionmanantial.org\/en\/wp-json\/wp\/v2\/posts\/3972","targetHints":{"allow":["GET"]}}],"collection":[{"href":"https:\/\/www.fundacionmanantial.org\/en\/wp-json\/wp\/v2\/posts"}],"about":[{"href":"https:\/\/www.fundacionmanantial.org\/en\/wp-json\/wp\/v2\/types\/post"}],"author":[{"embeddable":true,"href":"https:\/\/www.fundacionmanantial.org\/en\/wp-json\/wp\/v2\/users\/1"}],"replies":[{"embeddable":true,"href":"https:\/\/www.fundacionmanantial.org\/en\/wp-json\/wp\/v2\/comments?post=3972"}],"version-history":[{"count":0,"href":"https:\/\/www.fundacionmanantial.org\/en\/wp-json\/wp\/v2\/posts\/3972\/revisions"}],"wp:featuredmedia":[{"embeddable":true,"href":"https:\/\/www.fundacionmanantial.org\/en\/wp-json\/wp\/v2\/media\/3910"}],"wp:attachment":[{"href":"https:\/\/www.fundacionmanantial.org\/en\/wp-json\/wp\/v2\/media?parent=3972"}],"wp:term":[{"taxonomy":"category","embeddable":true,"href":"https:\/\/www.fundacionmanantial.org\/en\/wp-json\/wp\/v2\/categories?post=3972"},{"taxonomy":"post_tag","embeddable":true,"href":"https:\/\/www.fundacionmanantial.org\/en\/wp-json\/wp\/v2\/tags?post=3972"}],"curies":[{"name":"wp","href":"https:\/\/api.w.org\/{rel}","templated":true}]}}