{"id":3971,"date":"2021-12-22T05:59:00","date_gmt":"2021-12-22T04:59:00","guid":{"rendered":"https:\/\/www.fundacionmanantial.org\/lo-borderline-vs-la-melancolia\/"},"modified":"2021-12-22T05:59:00","modified_gmt":"2021-12-22T04:59:00","slug":"lo-borderline-vs-la-melancolia","status":"publish","type":"post","link":"https:\/\/www.fundacionmanantial.org\/en\/lo-borderline-vs-la-melancolia\/","title":{"rendered":"\u201cLo borderline vs la melancol\u00eda\u201d"},"content":{"rendered":"\n<p>Destacar\u00eda de este curso varias cuestiones. En primer lugar, la pertinencia del tema propuesto, pues <strong>sit\u00faa el foco en presentaciones cl\u00ednicas menos atendidas en la formaci\u00f3n, pero igualmente importantes, como son la melancol\u00eda y los trastornos borderline.<\/strong><\/p>\n\n\n\n<p>En segundo lugar, resaltar\u00eda el formato en el que se ha desarrollado la formaci\u00f3n.<strong> Considero un acierto distribuirla en presentaciones de dos horas de duraci\u00f3n, a lo largo de varias semanas.<\/strong> Personalmente, disfruto m\u00e1s de este modo que en sesiones de cuatro o cinco horas, porque <strong>me permite mantener la atenci\u00f3n, asimilar los contenidos entre las sesiones y dejar que lo escuchado haga sus efectos.<\/strong> Evidentemente, hubiese preferido que se realizase en formato presencial, pero por circunstancias obvias, tenderemos que esperar para recuperar esa modalidad.<\/p>\n\n\n\n<p>Por \u00faltimo, <strong>destacar\u00eda la pasi\u00f3n de Raquel (del Amo) por ense\u00f1ar psicoan\u00e1lisis<\/strong>, que se ha hecho evidente en este conjunto de conferencias, caracterizadas por la\u00a0 amplitud de referencias, que abarcan autores de diferentes escuelas, la oportuna selecci\u00f3n de ejemplos cl\u00ednicos, propios y ajenos, y especialmente por su tono did\u00e1ctico.<\/p>\n\n\n\n<p>En definitiva, como tanto otros cursos de la misma docente, ha sido una buena experiencia, que <strong>por una parte aporta nueva informaci\u00f3n a la par que genera nuevas preguntas.<\/strong><\/p>\n\n\n\n<div style=\"height:35px\" aria-hidden=\"true\" class=\"wp-block-spacer\"><\/div>\n\n\n\n<p><em>Roberto Garc\u00eda, Centro de Rehabilitaci\u00f3n Psicosocial &#8220;Hortaleza&#8221;<\/em><\/p>\n\n\n\n<div style=\"height:34px\" aria-hidden=\"true\" class=\"wp-block-spacer\"><\/div>\n","protected":false},"excerpt":{"rendered":"<p>Destacar\u00eda de este curso varias cuestiones. En primer lugar, la pertinencia del tema propuesto, pues sit\u00faa el foco en presentaciones cl\u00ednicas menos atendidas en la formaci\u00f3n, pero igualmente importantes, como son la melancol\u00eda y los trastornos borderline. En segundo lugar, resaltar\u00eda el formato en el que se ha desarrollado la formaci\u00f3n. Considero un acierto distribuirla [&hellip;]<\/p>\n","protected":false},"author":1,"featured_media":3910,"comment_status":"open","ping_status":"closed","sticky":false,"template":"","format":"standard","meta":{"_acf_changed":false,"give_campaign_id":0,"_seopress_robots_primary_cat":"","_seopress_titles_title":"","_seopress_titles_desc":"","_seopress_robots_index":"","footnotes":""},"categories":[41],"tags":[670,253,107,84,671,93,672,65],"class_list":["post-3971","post","type-post","status-publish","format-standard","has-post-thumbnail","hentry","category-blog-salud-mental","tag-borderline","tag-enfermedad-mental","tag-estigma","tag-formacion","tag-interna","tag-melancolia","tag-psicoanalisis","tag-salud-mental"],"acf":[],"_links":{"self":[{"href":"https:\/\/www.fundacionmanantial.org\/en\/wp-json\/wp\/v2\/posts\/3971","targetHints":{"allow":["GET"]}}],"collection":[{"href":"https:\/\/www.fundacionmanantial.org\/en\/wp-json\/wp\/v2\/posts"}],"about":[{"href":"https:\/\/www.fundacionmanantial.org\/en\/wp-json\/wp\/v2\/types\/post"}],"author":[{"embeddable":true,"href":"https:\/\/www.fundacionmanantial.org\/en\/wp-json\/wp\/v2\/users\/1"}],"replies":[{"embeddable":true,"href":"https:\/\/www.fundacionmanantial.org\/en\/wp-json\/wp\/v2\/comments?post=3971"}],"version-history":[{"count":0,"href":"https:\/\/www.fundacionmanantial.org\/en\/wp-json\/wp\/v2\/posts\/3971\/revisions"}],"wp:featuredmedia":[{"embeddable":true,"href":"https:\/\/www.fundacionmanantial.org\/en\/wp-json\/wp\/v2\/media\/3910"}],"wp:attachment":[{"href":"https:\/\/www.fundacionmanantial.org\/en\/wp-json\/wp\/v2\/media?parent=3971"}],"wp:term":[{"taxonomy":"category","embeddable":true,"href":"https:\/\/www.fundacionmanantial.org\/en\/wp-json\/wp\/v2\/categories?post=3971"},{"taxonomy":"post_tag","embeddable":true,"href":"https:\/\/www.fundacionmanantial.org\/en\/wp-json\/wp\/v2\/tags?post=3971"}],"curies":[{"name":"wp","href":"https:\/\/api.w.org\/{rel}","templated":true}]}}