{"id":3966,"date":"2021-11-11T13:28:23","date_gmt":"2021-11-11T12:28:23","guid":{"rendered":"https:\/\/www.fundacionmanantial.org\/elaboracion-de-informes-socioeducativos\/"},"modified":"2021-11-11T13:28:23","modified_gmt":"2021-11-11T12:28:23","slug":"elaboracion-de-informes-socioeducativos","status":"publish","type":"post","link":"https:\/\/www.fundacionmanantial.org\/en\/elaboracion-de-informes-socioeducativos\/","title":{"rendered":"&#8220;Elaboraci\u00f3n de informes socioeducativos&#8221;"},"content":{"rendered":"\n<p>Cuando me apunt\u00e9 a este curso, lo hice desde la angustia y la inseguridad porque <strong>siendo Educadora Social, no sab\u00eda lo que era un informe socioeducativo. <\/strong>Adem\u00e1s, por un parte pensaba que iba a ser un poco rollo porque por el t\u00edtulo \u201cElaboraci\u00f3n de informes socioeducativos\u201d no me atra\u00eda para nada, supuse que iba a ser una formaci\u00f3n burocr\u00e1tica en la que iba a aprender sobre este concepto y poco m\u00e1s. Pero, por suerte, nada de todo esto ha sido as\u00ed. <strong>Despu\u00e9s de haber hecho el curso me he reencontrado como Educadora Social y he aprendido una herramienta \u00fatil de trabajo que espero poder aplicar en alg\u00fan momento.<\/strong><\/p>\n\n\n\n<p><strong>Gracias Rafa (L\u00f3pez-Sidro L\u00f3pez) por repetirnos una y otra vez la importancia de la Educaci\u00f3n Social, por empoderarnos tanto y por recordarnos que, a pesar de compartir muchas \u00e1reas de intervenci\u00f3n con otros profesionales, tambi\u00e9n tenemos las nuestras propias. <\/strong>Gracias por poner en valor los <strong>colegios oficiales de Educadores Sociales <\/strong>y la fuerza que tienen para apoyarnos en el ejercicio de nuestra profesi\u00f3n. Y gracias tambi\u00e9n por refrescarnos c\u00f3mo\u00a0 pensar y redactar como Educadores Sociales, por hablarnos de un modelo de informe que nos puede servir para utilizarlo como tal o modificarlo seg\u00fan nuestras necesidades y, por \u00faltimo, <strong>gracias por esforzarte tanto a trav\u00e9s de din\u00e1micas, juegos y peque\u00f1as pr\u00e1cticas para que particip\u00e1ramos en el curso <\/strong>y as\u00ed no tener que hablar tanto t\u00fa. Tambi\u00e9n quer\u00eda agradecer a\u00a0mis compa\u00f1eros del curso el <strong>facilitar la construcci\u00f3n entre todos de un clima seguro en que el poder sentirnos c\u00f3modos y hablar sin ser cuestionados sobre nuestras quejas y dificultades como Educadores Sociales<\/strong> y por lanzar la propuesta de querer hacer algo juntos, retomando el formato de grupo de trabajo o buscando otras maneras.<\/p>\n\n\n\n<p>Me gustar\u00eda resaltar <strong>una din\u00e1mica de la primera sesi\u00f3n que consist\u00eda en elegir el objeto que mejor identificaba a los Educadores Sociales<\/strong>; me encantaron todas las respuestas que aportamos en ese momento porque me dio una visi\u00f3n de lo heterog\u00e9nea que es nuestra profesi\u00f3n. Podr\u00eda parecer algo negativo teniendo en cuenta que, como dec\u00edamos, <strong>un Educador Social vale para casi todo<\/strong>, pero personalmente, <strong>me alegra saber que nuestra profesi\u00f3n nos ofrece un abanico amplio de posibilidades<\/strong>, no solamente desde el punto de vista de la diversidad de colectivos con los que poder trabajar, sino tambi\u00e9n<strong> por la variedad de perspectivas que puede haber a la hora de plantearnos nuestro trabajo diario.<\/strong><\/p>\n\n\n\n<p>Para m\u00ed, <strong>el trabajo multidisciplinar es como una ficha de Trivial con todos sus quesitos, de manera que, si falta uno de ellos, en este caso el de la Educaci\u00f3n Social, ya no est\u00e1 completa la ficha para poder ir al centro del tablero y tener la opci\u00f3n de ganar la partida<\/strong>. Porque hay un agujero, una falta, valga la redundancia; no se cuenta con una mirada, una perspectiva, un detalle, un matiz, un \u201calgo\u201d para completar el trabajo conjunto del equipo y, aunque pueda parecer que no es as\u00ed, <strong>todos los quesitos son igual de valiosos. Si queda un hueco vac\u00edo, perdemos una parte de ese todo maravilloso. \u00a0<\/strong><\/p>\n\n\n\n<div style=\"height:24px\" aria-hidden=\"true\" class=\"wp-block-spacer\"><\/div>\n\n\n\n<p><em>Noelia S\u00e1nchez, Centro de D\u00eda &#8220;Rivas&#8221;<\/em><\/p>\n\n\n\n<div style=\"height:36px\" aria-hidden=\"true\" class=\"wp-block-spacer\"><\/div>\n","protected":false},"excerpt":{"rendered":"<p>Cuando me apunt\u00e9 a este curso, lo hice desde la angustia y la inseguridad porque siendo Educadora Social, no sab\u00eda lo que era un informe socioeducativo. Adem\u00e1s, por un parte pensaba que iba a ser un poco rollo porque por el t\u00edtulo \u201cElaboraci\u00f3n de informes socioeducativos\u201d no me atra\u00eda para nada, supuse que iba a [&hellip;]<\/p>\n","protected":false},"author":1,"featured_media":3910,"comment_status":"open","ping_status":"closed","sticky":false,"template":"","format":"standard","meta":{"_acf_changed":false,"give_campaign_id":0,"_seopress_robots_primary_cat":"","_seopress_titles_title":"","_seopress_titles_desc":"","_seopress_robots_index":"","footnotes":""},"categories":[41],"tags":[84,85,65],"class_list":["post-3966","post","type-post","status-publish","format-standard","has-post-thumbnail","hentry","category-blog-salud-mental","tag-formacion","tag-fundacion-manantial","tag-salud-mental"],"acf":[],"_links":{"self":[{"href":"https:\/\/www.fundacionmanantial.org\/en\/wp-json\/wp\/v2\/posts\/3966","targetHints":{"allow":["GET"]}}],"collection":[{"href":"https:\/\/www.fundacionmanantial.org\/en\/wp-json\/wp\/v2\/posts"}],"about":[{"href":"https:\/\/www.fundacionmanantial.org\/en\/wp-json\/wp\/v2\/types\/post"}],"author":[{"embeddable":true,"href":"https:\/\/www.fundacionmanantial.org\/en\/wp-json\/wp\/v2\/users\/1"}],"replies":[{"embeddable":true,"href":"https:\/\/www.fundacionmanantial.org\/en\/wp-json\/wp\/v2\/comments?post=3966"}],"version-history":[{"count":0,"href":"https:\/\/www.fundacionmanantial.org\/en\/wp-json\/wp\/v2\/posts\/3966\/revisions"}],"wp:featuredmedia":[{"embeddable":true,"href":"https:\/\/www.fundacionmanantial.org\/en\/wp-json\/wp\/v2\/media\/3910"}],"wp:attachment":[{"href":"https:\/\/www.fundacionmanantial.org\/en\/wp-json\/wp\/v2\/media?parent=3966"}],"wp:term":[{"taxonomy":"category","embeddable":true,"href":"https:\/\/www.fundacionmanantial.org\/en\/wp-json\/wp\/v2\/categories?post=3966"},{"taxonomy":"post_tag","embeddable":true,"href":"https:\/\/www.fundacionmanantial.org\/en\/wp-json\/wp\/v2\/tags?post=3966"}],"curies":[{"name":"wp","href":"https:\/\/api.w.org\/{rel}","templated":true}]}}