{"id":3964,"date":"2021-11-10T13:28:01","date_gmt":"2021-11-10T12:28:01","guid":{"rendered":"https:\/\/www.fundacionmanantial.org\/preguntas-que-nos-conectan-reflexion-colectiva-sobre-la-salud-mental\/"},"modified":"2021-11-10T13:28:01","modified_gmt":"2021-11-10T12:28:01","slug":"preguntas-que-nos-conectan-reflexion-colectiva-sobre-la-salud-mental","status":"publish","type":"post","link":"https:\/\/www.fundacionmanantial.org\/en\/preguntas-que-nos-conectan-reflexion-colectiva-sobre-la-salud-mental\/","title":{"rendered":"&#8220;Preguntas que nos conectan&#8221;, reflexi\u00f3n colectiva sobre la salud mental"},"content":{"rendered":"\n<figure class=\"wp-block-embed is-type-rich is-provider-gestor-del-servicio wp-block-embed-gestor-del-servicio wp-embed-aspect-16-9 wp-has-aspect-ratio\"><div class=\"wp-block-embed__wrapper\">\n<iframe title=\"&quot;Preguntas que nos conectan&quot; - CRIS &quot;La Ribera&quot;\" width=\"500\" height=\"281\" src=\"https:\/\/www.youtube.com\/embed\/-_QY5xf8EYU?feature=oembed\" frameborder=\"0\" allow=\"accelerometer; autoplay; clipboard-write; encrypted-media; gyroscope; picture-in-picture; web-share\" referrerpolicy=\"strict-origin-when-cross-origin\" allowfullscreen><\/iframe>\n<\/div><\/figure>\n\n\n\n<p>En el<strong> Centro de Rehabilitaci\u00f3n e Integraci\u00f3n Social (CRIS) &#8220;La Ribera&#8221; de Carcaixent (Valencia) <\/strong>hemos tenido una breve,\u00a0pero intensa, experiencia de <strong>v\u00eddeo documental<\/strong>. <\/p>\n\n\n\n<p>Todo surgi\u00f3 a trav\u00e9s de una propuesta tra\u00edda desde el <strong>Programa de Derechos Humanos<\/strong> a la asamblea de septiembre.\u00a0 La iniciativa tom\u00f3 forma a trav\u00e9s de varias reuniones organizativas de un grupo de acci\u00f3n formado tanto por personas usuarias como profesionales del CRIS. El objetivo de este video era <strong>realizar una reflexi\u00f3n colectiva en torno a la salud mental.<\/strong> No cont\u00e1bamos\u00a0con experiencia en producci\u00f3n ni edici\u00f3n de video, pero sin duda las ganas pudieron m\u00e1s.\u00a0<\/p>\n\n\n\n<p><em><strong>Preguntas que nos conectan<\/strong><\/em>\u00a0es el resultado de varias semanas de trabajo. Todo el proceso ha sido compartido, desde la elecci\u00f3n de las preguntas, las grabaciones, la edici\u00f3n, la organizaci\u00f3n del pre-estreno, la postproducci\u00f3n, etc.\u00a0En las reflexiones han participado tanto personas usuarias, como familiares, personas voluntarias, vecinas y vecinos del pueblo&#8230; Gente, en definitiva. <\/p>\n\n\n\n<p>El pasado 8 de octubre pudimos celebrar una jornada de preestreno viendo el v\u00eddeo junto a sus participantes y compartiendo unos aperitivos en el jard\u00edn <strong>ahora que, por fin, podemos volver a juntarnos y tener esas convivencias que tanto hab\u00edamos echado de menos durante la pandemia y que tan importantes son para hacer comunidad. <\/strong><\/p>\n\n\n\n<p>Pero si bonita fue la celebraci\u00f3n del resultado, <strong>m\u00e1s bonito ha sido el proceso y los v\u00ednculos\u00a0que se han forjado durante este, entre las personas participantes. <\/strong>De esos ratitos de emoci\u00f3n compartida, de esos momentos de <em>sentipensar <\/em>se desprende el nombre\u00a0\u201c<em>Preguntas que nos conectan&#8221;.\u00a0<\/em><strong>Ahora esperamos que puedan seguir conectando a m\u00e1s gente a trav\u00e9s de las redes.<\/strong><\/p>\n\n\n\n<p>Y, sin duda, ahora que ya nos hemos tirado a la piscina una vez, <strong>no descartamos seguir aprendiendo de este formato de expresi\u00f3n. <\/strong>Por ahora, disfrutar de esta primera experiencia y\u00a0as\u00ed <strong>como dicen l@s influencers &#8220;Se vienen cositas&#8221;.<\/strong><\/p>\n\n\n\n<div style=\"height:18px\" aria-hidden=\"true\" class=\"wp-block-spacer\"><\/div>\n\n\n\n<p><em>Grupo de Acci\u00f3n Experiencia Video Documental &#8220;Preguntas que nos conectan&#8221;\u00a0<\/em><\/p>\n\n\n\n<div style=\"height:39px\" aria-hidden=\"true\" class=\"wp-block-spacer\"><\/div>\n","protected":false},"excerpt":{"rendered":"<p>En el Centro de Rehabilitaci\u00f3n e Integraci\u00f3n Social (CRIS) &#8220;La Ribera&#8221; de Carcaixent (Valencia) hemos tenido una breve,\u00a0pero intensa, experiencia de v\u00eddeo documental. Todo surgi\u00f3 a trav\u00e9s de una propuesta tra\u00edda desde el Programa de Derechos Humanos a la asamblea de septiembre.\u00a0 La iniciativa tom\u00f3 forma a trav\u00e9s de varias reuniones organizativas de un grupo [&hellip;]<\/p>\n","protected":false},"author":1,"featured_media":3965,"comment_status":"open","ping_status":"closed","sticky":false,"template":"","format":"standard","meta":{"_acf_changed":false,"give_campaign_id":0,"_seopress_robots_primary_cat":"","_seopress_titles_title":"","_seopress_titles_desc":"","_seopress_robots_index":"","footnotes":""},"categories":[41],"tags":[662,253,107,668,64,516,65,111,667],"class_list":["post-3964","post","type-post","status-publish","format-standard","has-post-thumbnail","hentry","category-blog-salud-mental","tag-contra-el-estigma","tag-enfermedad-mental","tag-estigma","tag-optimismo","tag-recuperacion","tag-rehabilitacion","tag-salud-mental","tag-sensibilizacion","tag-superacion"],"acf":[],"_links":{"self":[{"href":"https:\/\/www.fundacionmanantial.org\/en\/wp-json\/wp\/v2\/posts\/3964","targetHints":{"allow":["GET"]}}],"collection":[{"href":"https:\/\/www.fundacionmanantial.org\/en\/wp-json\/wp\/v2\/posts"}],"about":[{"href":"https:\/\/www.fundacionmanantial.org\/en\/wp-json\/wp\/v2\/types\/post"}],"author":[{"embeddable":true,"href":"https:\/\/www.fundacionmanantial.org\/en\/wp-json\/wp\/v2\/users\/1"}],"replies":[{"embeddable":true,"href":"https:\/\/www.fundacionmanantial.org\/en\/wp-json\/wp\/v2\/comments?post=3964"}],"version-history":[{"count":0,"href":"https:\/\/www.fundacionmanantial.org\/en\/wp-json\/wp\/v2\/posts\/3964\/revisions"}],"wp:featuredmedia":[{"embeddable":true,"href":"https:\/\/www.fundacionmanantial.org\/en\/wp-json\/wp\/v2\/media\/3965"}],"wp:attachment":[{"href":"https:\/\/www.fundacionmanantial.org\/en\/wp-json\/wp\/v2\/media?parent=3964"}],"wp:term":[{"taxonomy":"category","embeddable":true,"href":"https:\/\/www.fundacionmanantial.org\/en\/wp-json\/wp\/v2\/categories?post=3964"},{"taxonomy":"post_tag","embeddable":true,"href":"https:\/\/www.fundacionmanantial.org\/en\/wp-json\/wp\/v2\/tags?post=3964"}],"curies":[{"name":"wp","href":"https:\/\/api.w.org\/{rel}","templated":true}]}}