{"id":3962,"date":"2021-11-05T13:05:00","date_gmt":"2021-11-05T12:05:00","guid":{"rendered":"https:\/\/www.fundacionmanantial.org\/la-inclusion-social-como-activos-de-salud-en-fuenlabrada\/"},"modified":"2021-11-05T13:05:00","modified_gmt":"2021-11-05T12:05:00","slug":"la-inclusion-social-como-activos-de-salud-en-fuenlabrada","status":"publish","type":"post","link":"https:\/\/www.fundacionmanantial.org\/en\/la-inclusion-social-como-activos-de-salud-en-fuenlabrada\/","title":{"rendered":"\u201cLa inclusi\u00f3n social como activos de salud\u201d en Fuenlabrada"},"content":{"rendered":"\n<p>El pasado 29 de octubre de 2021, se celebr\u00f3 en Fuenlabrada la <strong>V Jornada t\u00e9cnica por la inclusi\u00f3n social.<\/strong> Esta jornada tuvo lugar en la sede de la Junta de Distrito de Loranca- Nuevo Versalles- Parque Miraflores. El objetivo: f<strong>acilitar la inclusi\u00f3n social a todas las personas que se encuentran en situaci\u00f3n vulnerable.<\/strong><\/p>\n\n\n\n<p>La jornada comenz\u00f3 con la participaci\u00f3n de <strong><a rel=\"noreferrer noopener\" href=\"https:\/\/twitter.com\/jseguradelpozo?ref_src=twsrc%5Egoogle%7Ctwcamp%5Eserp%7Ctwgr%5Eauthor\" target=\"_blank\">Javier Segura<\/a><\/strong>, vicepresidente de la Asociaci\u00f3n Madrile\u00f1a de Salud P\u00fablica y miembro del Comit\u00e9 Cient\u00edfico de la Red Europea de Ciudades Saludables de la OMS, presentando una ponencia en la que<strong> ofreci\u00f3 una visi\u00f3n de la salud conectada con los entornos m\u00e1s cercanos, las relaciones sociales y la manera de abordarlo desde el \u00e1mbito comunitario.<\/strong><\/p>\n\n\n\n<p>Tambi\u00e9n se presentaron <strong>cinco proyectos que se llevan a cabo en Fuenlabrada<\/strong>. Dos de ellos son municipales: el <strong>programa de Inclusi\u00f3n de la concejal\u00eda de Bienestar Social y el programa de empleo del <a rel=\"noreferrer noopener\" href=\"https:\/\/cife-fuenlabrada.es\/\" target=\"_blank\">CIFE<\/a>.<\/strong> Los tres proyectos restantes los presentaron las asociaciones <strong>Lib\u00e9lula, Espiral y Fundaci\u00f3n Manantial.<\/strong> Todos estos proyectos hicieron una breve introducci\u00f3n sobre sus <strong>\u00e1reas de intervenci\u00f3n y los nuevos retos surgidos tras la pandemia.<\/strong><\/p>\n\n\n\n<p>En representaci\u00f3n de los seis recursos de Fundaci\u00f3n Manantial intervino <strong>H\u00e9ctor Luna<\/strong>, trabajador social del Equipo de Apoyo Social Comunitario &#8220;Fuenlabrada&#8221;. En su intervenci\u00f3n, <strong>resalt\u00f3 la gran labor que hacen las organizaciones de Fuenlabrada en la prevenci\u00f3n de los problemas de salud mental y la promoci\u00f3n de la salud de los vecinos.<\/strong> Desde la Fundaci\u00f3n atendemos m\u00e1s la cronicidad y no tanto la prevenci\u00f3n o promoci\u00f3n de la salud. Hizo especial hincapi\u00e9 en las <strong>dificultades que nos hemos ido encontrando durante la pandemia y c\u00f3mo hemos podido trabajar el aislamiento, la<\/strong> <strong>vulnerabilidad propia y ajena y c\u00f3mo hemos acompa\u00f1ado la incertidumbre generada.<\/strong><\/p>\n\n\n\n<p>Esta jornada estaba dirigida a personas profesionales de la intervenci\u00f3n social y el grado de participaci\u00f3n fue significativo, ya que se lleg\u00f3 al centenar de personas inscritas y durante la sesi\u00f3n los asistentes participaron a trav\u00e9s de preguntas para los ponentes, interes\u00e1ndose as\u00ed sobre los temas tratados.<\/p>\n\n\n\n<p>Qued\u00f3 reflejado <strong>el papel activo de las entidades como agentes de salud comunitarios y el papel que han jugado durante la pandemia y en la actualidad en el cuidado y bienestar emocional en los procesos de inclusi\u00f3n.<\/strong><\/p>\n\n\n\n<div style=\"height:27px\" aria-hidden=\"true\" class=\"wp-block-spacer\"><\/div>\n\n\n\n<p><em>Centro de Rehabilitaci\u00f3n Psicosocial, Centro de Rehabilitaci\u00f3n Laboral, Centro de D\u00eda,  Equipo de Apoyo Social Comunitario, Residencia y Pisos Supervisados &#8220;Fuenlabrada&#8221; de Fundaci\u00f3n Manantial<\/em><\/p>\n\n\n\n<div style=\"height:45px\" aria-hidden=\"true\" class=\"wp-block-spacer\"><\/div>\n","protected":false},"excerpt":{"rendered":"<p>El pasado 29 de octubre de 2021, se celebr\u00f3 en Fuenlabrada la V Jornada t\u00e9cnica por la inclusi\u00f3n social. Esta jornada tuvo lugar en la sede de la Junta de Distrito de Loranca- Nuevo Versalles- Parque Miraflores. El objetivo: facilitar la inclusi\u00f3n social a todas las personas que se encuentran en situaci\u00f3n vulnerable. La jornada [&hellip;]<\/p>\n","protected":false},"author":1,"featured_media":3963,"comment_status":"open","ping_status":"closed","sticky":false,"template":"","format":"standard","meta":{"_acf_changed":false,"give_campaign_id":0,"_seopress_robots_primary_cat":"","_seopress_titles_title":"","_seopress_titles_desc":"","_seopress_robots_index":"","footnotes":""},"categories":[41],"tags":[124,92,666,662,55,253,107,219,491,81,64,516,65,111,667],"class_list":["post-3962","post","type-post","status-publish","format-standard","has-post-thumbnail","hentry","category-blog-salud-mental","tag-comunidad","tag-comunitario","tag-congresos-y-jornadas","tag-contra-el-estigma","tag-covid","tag-enfermedad-mental","tag-estigma","tag-fuenlabrada","tag-institutos","tag-pandemia","tag-recuperacion","tag-rehabilitacion","tag-salud-mental","tag-sensibilizacion","tag-superacion"],"acf":[],"_links":{"self":[{"href":"https:\/\/www.fundacionmanantial.org\/en\/wp-json\/wp\/v2\/posts\/3962","targetHints":{"allow":["GET"]}}],"collection":[{"href":"https:\/\/www.fundacionmanantial.org\/en\/wp-json\/wp\/v2\/posts"}],"about":[{"href":"https:\/\/www.fundacionmanantial.org\/en\/wp-json\/wp\/v2\/types\/post"}],"author":[{"embeddable":true,"href":"https:\/\/www.fundacionmanantial.org\/en\/wp-json\/wp\/v2\/users\/1"}],"replies":[{"embeddable":true,"href":"https:\/\/www.fundacionmanantial.org\/en\/wp-json\/wp\/v2\/comments?post=3962"}],"version-history":[{"count":0,"href":"https:\/\/www.fundacionmanantial.org\/en\/wp-json\/wp\/v2\/posts\/3962\/revisions"}],"wp:featuredmedia":[{"embeddable":true,"href":"https:\/\/www.fundacionmanantial.org\/en\/wp-json\/wp\/v2\/media\/3963"}],"wp:attachment":[{"href":"https:\/\/www.fundacionmanantial.org\/en\/wp-json\/wp\/v2\/media?parent=3962"}],"wp:term":[{"taxonomy":"category","embeddable":true,"href":"https:\/\/www.fundacionmanantial.org\/en\/wp-json\/wp\/v2\/categories?post=3962"},{"taxonomy":"post_tag","embeddable":true,"href":"https:\/\/www.fundacionmanantial.org\/en\/wp-json\/wp\/v2\/tags?post=3962"}],"curies":[{"name":"wp","href":"https:\/\/api.w.org\/{rel}","templated":true}]}}