{"id":3961,"date":"2021-11-08T13:03:23","date_gmt":"2021-11-08T12:03:23","guid":{"rendered":"https:\/\/www.fundacionmanantial.org\/en-las-distancias-cortas\/"},"modified":"2021-11-08T13:03:23","modified_gmt":"2021-11-08T12:03:23","slug":"en-las-distancias-cortas","status":"publish","type":"post","link":"https:\/\/www.fundacionmanantial.org\/en\/en-las-distancias-cortas\/","title":{"rendered":"&#8220;En las distancias cortas&#8221;"},"content":{"rendered":"\n<p>Antes de conectarme a la sesi\u00f3n t\u00e9cnica, pensaba en qu\u00e9 me iban a contar. Se me ocurr\u00edan varias cosas. Lo primero, que mis compa\u00f1eros de Fundaci\u00f3n Manantial me iban a contar c\u00f3mo hac\u00edan su trabajo en Rivas.<\/p>\n\n\n\n<p>Partiendo de que considero que <strong>compartir lo que hacemos con el resto de profesionales es muy enriquecedor y que ayuda a abrir la cabeza a otras ideas o formas de entender el trabajo<\/strong>, ya me hab\u00edan ganado.<\/p>\n\n\n\n<p>Respecto al t\u00edtulo, ante m\u00ed aparec\u00edan varias palabras.<strong> Cercan\u00eda a los usuarios, cercan\u00eda con el entorno. Algo relacionado con lo comunitario. <\/strong>Tiene buena pinta, pens\u00e9.<\/p>\n\n\n\n<p>Me conect\u00e9 y me gust\u00f3 lo que me contaron. <strong>Vanesa, Carlos y Laura nos contaron algunas experiencias del trabajo que realizan cada d\u00eda.<\/strong> Me transmitieron mucha pasi\u00f3n y entrega con lo que hacen. Creo que hacen su trabajo acerc\u00e1ndose a las diferentes instituciones de su \u00e1rea geogr\u00e1fica, respetando mucho a sus usuarios\/as y haci\u00e9ndoles part\u00edcipes de algunas iniciativas muy interesantes.<\/p>\n\n\n\n<p>La <strong>intervenci\u00f3n en los institutos<\/strong> <strong>para hablar del significado de la salud mental con los adolescentes, indagar en el significado de esa palabra tan simple y compleja a la vez, dependiendo de a qui\u00e9n le preguntas.<\/strong><\/p>\n\n\n\n<p>En definitiva, <strong>buscar lugares de encuentro, de entendimiento entre personas de diferentes entornos para que entiendan que eso que llamamos &#8216;salud mental&#8217; nos afecta a todos<\/strong>, no solo a unos pocos.<\/p>\n\n\n\n<p>Carlos nos hizo reflexionar sobre <strong>la cercan\u00eda al usuario<\/strong>, c\u00f3mo nos posicionamos como profesionales, que no dejemos de cuestionarnos c\u00f3mo hacemos las cosas y <strong>que nunca olvidemos lo m\u00e1s importante: las personas con las que trabajamos est\u00e1n por encima de todo.<\/strong><\/p>\n\n\n\n<p>Adem\u00e1s, nos describieron un proyecto que est\u00e1n desarrollando muy interesante: <strong>un taller de escritura donde participan juntos usuarios y usuarias de los centros y profesionales. Codo con codo. <\/strong>Escriben lo que quieren y lo comparten con el resto. <strong>La escritura como terapia.<\/strong><\/p>\n\n\n\n<p>Vimos un corto muy potente y un v\u00eddeo sobre el taller de escritura. Todo muy interesante. Muy bien estructurado, <strong>contado desde el entusiasmo de un equipo comprometido con lo que hacen<\/strong>.\u00a0 Gracias por dedicarnos estas 2 horas y media, compa\u00f1eros. <strong>Todo un lujo haber podido escucharos.<\/strong><\/p>\n\n\n\n<div style=\"height:23px\" aria-hidden=\"true\" class=\"wp-block-spacer\"><\/div>\n\n\n\n<p><em>Jos\u00e9 Manuel \u00c1lvarez Echenique, Servicio de Apoyo a la Capacidad Jur\u00eddica Fundaci\u00f3n Manantial<\/em><\/p>\n\n\n\n<div style=\"height:27px\" aria-hidden=\"true\" class=\"wp-block-spacer\"><\/div>\n","protected":false},"excerpt":{"rendered":"<p>Antes de conectarme a la sesi\u00f3n t\u00e9cnica, pensaba en qu\u00e9 me iban a contar. Se me ocurr\u00edan varias cosas. Lo primero, que mis compa\u00f1eros de Fundaci\u00f3n Manantial me iban a contar c\u00f3mo hac\u00edan su trabajo en Rivas. Partiendo de que considero que compartir lo que hacemos con el resto de profesionales es muy enriquecedor y [&hellip;]<\/p>\n","protected":false},"author":1,"featured_media":3910,"comment_status":"open","ping_status":"closed","sticky":false,"template":"","format":"standard","meta":{"_acf_changed":false,"give_campaign_id":0,"_seopress_robots_primary_cat":"","_seopress_titles_title":"","_seopress_titles_desc":"","_seopress_robots_index":"","footnotes":""},"categories":[41],"tags":[84,85,65],"class_list":["post-3961","post","type-post","status-publish","format-standard","has-post-thumbnail","hentry","category-blog-salud-mental","tag-formacion","tag-fundacion-manantial","tag-salud-mental"],"acf":[],"_links":{"self":[{"href":"https:\/\/www.fundacionmanantial.org\/en\/wp-json\/wp\/v2\/posts\/3961","targetHints":{"allow":["GET"]}}],"collection":[{"href":"https:\/\/www.fundacionmanantial.org\/en\/wp-json\/wp\/v2\/posts"}],"about":[{"href":"https:\/\/www.fundacionmanantial.org\/en\/wp-json\/wp\/v2\/types\/post"}],"author":[{"embeddable":true,"href":"https:\/\/www.fundacionmanantial.org\/en\/wp-json\/wp\/v2\/users\/1"}],"replies":[{"embeddable":true,"href":"https:\/\/www.fundacionmanantial.org\/en\/wp-json\/wp\/v2\/comments?post=3961"}],"version-history":[{"count":0,"href":"https:\/\/www.fundacionmanantial.org\/en\/wp-json\/wp\/v2\/posts\/3961\/revisions"}],"wp:featuredmedia":[{"embeddable":true,"href":"https:\/\/www.fundacionmanantial.org\/en\/wp-json\/wp\/v2\/media\/3910"}],"wp:attachment":[{"href":"https:\/\/www.fundacionmanantial.org\/en\/wp-json\/wp\/v2\/media?parent=3961"}],"wp:term":[{"taxonomy":"category","embeddable":true,"href":"https:\/\/www.fundacionmanantial.org\/en\/wp-json\/wp\/v2\/categories?post=3961"},{"taxonomy":"post_tag","embeddable":true,"href":"https:\/\/www.fundacionmanantial.org\/en\/wp-json\/wp\/v2\/tags?post=3961"}],"curies":[{"name":"wp","href":"https:\/\/api.w.org\/{rel}","templated":true}]}}