{"id":3956,"date":"2021-10-26T07:57:13","date_gmt":"2021-10-26T06:57:13","guid":{"rendered":"https:\/\/www.fundacionmanantial.org\/nuestro-lado-mas-solidario-contra-la-pobreza\/"},"modified":"2021-10-26T07:57:13","modified_gmt":"2021-10-26T06:57:13","slug":"nuestro-lado-mas-solidario-contra-la-pobreza","status":"publish","type":"post","link":"https:\/\/www.fundacionmanantial.org\/en\/nuestro-lado-mas-solidario-contra-la-pobreza\/","title":{"rendered":"Nuestro lado m\u00e1s solidario contra la pobreza"},"content":{"rendered":"\n<p>El pasado 17 de octubre se celebr\u00f3 el <strong><a href=\"https:\/\/www.un.org\/es\/observances\/day-for-eradicating-poverty\" target=\"_blank\" rel=\"noreferrer noopener\">D\u00eda internacional para la erradicaci\u00f3n de la pobreza<\/a><\/strong> y, con este motivo, todos los <strong>Centros de Rehabilitaci\u00f3n Laboral de Fundaci\u00f3n Manantial organizaron una recogida de alimentos y material escolar.\u00a0 <\/strong>Poder hacer esta tarea de forma conjunta, no solo beneficiaba a la <strong><a rel=\"noreferrer noopener\" href=\"https:\/\/www.aaps.es\/\" target=\"_blank\">Asociaci\u00f3n\u00a0de\u00a0Apoyo\u00a0al\u00a0Pueblo\u00a0Sirio\u00a0(AAPS)<\/a><\/strong>, elegida para donarles lo recogido, sino que tambi\u00e9n <strong>nos ha permitido potenciar la difusi\u00f3n y visibilidad del\u00a0lado m\u00e1s solidario de las personas que acuden a nuestros recursos.\u00a0<\/strong><\/p>\n\n\n\n<p>Esta actividad ha permitido que <strong>vecinos de distintos municipios se aproximaran\u00a0a los recursos y conocieran la labor solidaria que se estaba llevando a cabo<\/strong>. Este tipo de acciones muestran <strong>roles distintos a los que tenemos asociados a las personas con problemas de salud mental<\/strong>, haciendo una peque\u00f1a aportaci\u00f3n a la <strong>erradicaci\u00f3n del estigma<\/strong> asociado a nuestro colectivo.\u00a0 Ayudar a mejorar, aunque sea m\u00ednimamente, las condiciones de vida de estos menores, <strong>significa mucho para cada una de las personas que hemos colaborado en esta actividad.\u00a0<\/strong>\u00a0<\/p>\n\n\n\n<p>La experiencia ha permitido desarrollar todo un trabajo de organizaci\u00f3n conjunta, la difusi\u00f3n de la acci\u00f3n no solo en entornos cercanos, sino tambi\u00e9n a trav\u00e9s de redes sociales, y una apertura de los espacios que ha dado unos <strong>resultados muy positivos<\/strong>: se han recogido m\u00e1s de 130 kg. de legumbres, casi 100 kg. de arroz y pasta, aproximadamente 130 unidades de conservas y m\u00e1s de 50 kg. en productos varios como\u00a0harinas, cremas, etc.\u00a0<\/p>\n\n\n\n<p>El llamamiento a la poblaci\u00f3n para la <strong>recogida de material escolar<\/strong> ha conseguido recaudar casi 200 unidades de cuadernos y agendas, m\u00e1s de 500 unidades de pinturas, l\u00e1pices, ceras,&#8230; y multitud de otros productos como mochilas, estuches, reglas, etc. Con todo ello, <strong>muchos ni\u00f1os podr\u00e1n seguir la labor educativa que se est\u00e1 llevando a cabo en las aulas creadas en los campamentos.\u00a0<\/strong><\/p>\n\n\n\n<p>Durante los pr\u00f3ximos d\u00edas se har\u00e1 entrega de todo lo recogido a la Asociaci\u00f3n de Apoyo al pueblo Sirio, que <strong>lo har\u00e1 llegar a los campamentos\u00a0en los que colaboran.<\/strong> Es importante se\u00f1alar\u00a0que es la \u00fanica ONG espa\u00f1ola que env\u00eda ayuda humanitaria de forma regular al interior de\u00a0Siria.<\/p>\n\n\n\n<div style=\"height:31px\" aria-hidden=\"true\" class=\"wp-block-spacer\"><\/div>\n\n\n\n<p> <em>Centros de Rehabilitaci\u00f3n Laboral de Fundaci\u00f3n Manantial <\/em><\/p>\n\n\n\n<div style=\"height:29px\" aria-hidden=\"true\" class=\"wp-block-spacer\"><\/div>\n","protected":false},"excerpt":{"rendered":"<p>El pasado 17 de octubre se celebr\u00f3 el D\u00eda internacional para la erradicaci\u00f3n de la pobreza y, con este motivo, todos los Centros de Rehabilitaci\u00f3n Laboral de Fundaci\u00f3n Manantial organizaron una recogida de alimentos y material escolar.\u00a0 Poder hacer esta tarea de forma conjunta, no solo beneficiaba a la Asociaci\u00f3n\u00a0de\u00a0Apoyo\u00a0al\u00a0Pueblo\u00a0Sirio\u00a0(AAPS), elegida para donarles lo recogido, [&hellip;]<\/p>\n","protected":false},"author":1,"featured_media":3957,"comment_status":"open","ping_status":"closed","sticky":false,"template":"","format":"standard","meta":{"_acf_changed":false,"give_campaign_id":0,"_seopress_robots_primary_cat":"","_seopress_titles_title":"","_seopress_titles_desc":"","_seopress_robots_index":"","footnotes":""},"categories":[41],"tags":[662,107,516,65,111],"class_list":["post-3956","post","type-post","status-publish","format-standard","has-post-thumbnail","hentry","category-blog-salud-mental","tag-contra-el-estigma","tag-estigma","tag-rehabilitacion","tag-salud-mental","tag-sensibilizacion"],"acf":[],"_links":{"self":[{"href":"https:\/\/www.fundacionmanantial.org\/en\/wp-json\/wp\/v2\/posts\/3956","targetHints":{"allow":["GET"]}}],"collection":[{"href":"https:\/\/www.fundacionmanantial.org\/en\/wp-json\/wp\/v2\/posts"}],"about":[{"href":"https:\/\/www.fundacionmanantial.org\/en\/wp-json\/wp\/v2\/types\/post"}],"author":[{"embeddable":true,"href":"https:\/\/www.fundacionmanantial.org\/en\/wp-json\/wp\/v2\/users\/1"}],"replies":[{"embeddable":true,"href":"https:\/\/www.fundacionmanantial.org\/en\/wp-json\/wp\/v2\/comments?post=3956"}],"version-history":[{"count":0,"href":"https:\/\/www.fundacionmanantial.org\/en\/wp-json\/wp\/v2\/posts\/3956\/revisions"}],"wp:featuredmedia":[{"embeddable":true,"href":"https:\/\/www.fundacionmanantial.org\/en\/wp-json\/wp\/v2\/media\/3957"}],"wp:attachment":[{"href":"https:\/\/www.fundacionmanantial.org\/en\/wp-json\/wp\/v2\/media?parent=3956"}],"wp:term":[{"taxonomy":"category","embeddable":true,"href":"https:\/\/www.fundacionmanantial.org\/en\/wp-json\/wp\/v2\/categories?post=3956"},{"taxonomy":"post_tag","embeddable":true,"href":"https:\/\/www.fundacionmanantial.org\/en\/wp-json\/wp\/v2\/tags?post=3956"}],"curies":[{"name":"wp","href":"https:\/\/api.w.org\/{rel}","templated":true}]}}