{"id":3954,"date":"2021-10-15T10:46:29","date_gmt":"2021-10-15T09:46:29","guid":{"rendered":"https:\/\/www.fundacionmanantial.org\/con-el-cuento-a-otra-parte-club-de-lectura-de-la-residencia-parla\/"},"modified":"2021-10-15T10:46:29","modified_gmt":"2021-10-15T09:46:29","slug":"con-el-cuento-a-otra-parte-club-de-lectura-de-la-residencia-parla","status":"publish","type":"post","link":"https:\/\/www.fundacionmanantial.org\/en\/con-el-cuento-a-otra-parte-club-de-lectura-de-la-residencia-parla\/","title":{"rendered":"Con el cuento a otra parte: Club de lectura de la Residencia &#8220;Parla&#8221;"},"content":{"rendered":"\n<p>Seg\u00fan alguno de los <strong>innumerables estudios que se realizaron a partir del confinamiento por la pandemia, el h\u00e1bito de la lectura aument\u00f3 en gran medida durante el pasado a\u00f1o.<\/strong> Ni que decir tiene que disponer de tiempo por el abandono de otras aficiones siempre facilita retomar esas historias que se quedaron a medias. Pero sospecho que el motivo por el que muchas personas se acercaron, algunas por primera vez, a la fantas\u00eda (facultad humana de reproducir por medio de im\u00e1genes mentales, hechos pasados o futuros que se desea o no que ocurran) tambi\u00e9n ten\u00eda que ver con la posibilidad de <strong>transportarse a un<\/strong> <strong>lugar diferente<\/strong>, a una realidad que les ofreciera un <strong>rol alternativo.<\/strong><br><\/p>\n\n\n\n<p>Y es que <strong>viajar <\/strong>(con nuestro cuerpo o con nuestra imaginaci\u00f3n) <strong>nos da la posibilidad de situarnos en otros contextos, de sentir como siente otro, de experimentar situaciones ajenas a la cotidianeidad, de establecer otras formas de relaci\u00f3n, desplegando nuevas estrategias, y por eso nos enriquece.<\/strong><br><\/p>\n\n\n\n<p>Sin la posibilidad de hacerlo f\u00edsicamente, <strong>atrapados en un microsistema reducido a la m\u00ednima expresi\u00f3n<\/strong>, a un cuarto no siempre propio, <strong>el macrosistema se torn\u00f3 amenazante y peligroso<\/strong>, desapareciendo los espacios intermedios, lo comunitario, sustituidos por un oscuro vac\u00edo. <strong>Rellenar ese vac\u00edo se convirti\u00f3 en una necesidad, en un anhelo por encontrar el puente que nos permite marchar y volver<\/strong>; alejarnos y diferenciarnos, sabiendo que podemos regresar. Bien dice la poeta <a href=\"https:\/\/www.elvirasastre.net\/\" target=\"_blank\" rel=\"noreferrer noopener\">Elvira Sastre<\/a> que <strong>todos los viajes son de \u201chuida y vuelta\u201d<\/strong>.<br><\/p>\n\n\n\n<p>Esta situaci\u00f3n de confinamiento forzoso, nueva para la mayor\u00eda de las personas, no lo era tanto para algunas con las que trabajamos, familiarizadas con ese vac\u00edo. No es de extra\u00f1ar, entonces, que parte de la sociedad echara mano de algunas de las estrategias que ya utilizamos en nuestros recursos y se atreviera a transitar por los puentes que ofrece la literatura.<br><\/p>\n\n\n\n<p>En la <strong>Residencia &#8220;Parla&#8221;<\/strong> llevamos tiempo recurriendo a estos viajes literarios, y que pretenden llenar ese vac\u00edo amenazante, creando puentes con el afuera desde un espacio seguro. Hace ya cuatro a\u00f1os que comenz\u00f3 el <strong>Club de Lectura,<\/strong> y cuando nos dirigimos a la sesi\u00f3n con el papel en la mano, <strong>siempre hay alguien que pregunta &#8216;\u00bfA d\u00f3nde vas con ese cuento?&#8217;, y alguien que responde &#8216;me voy con el cuento a otra parte<\/strong>&#8216;.<br><\/p>\n\n\n\n<p><a href=\"https:\/\/drive.google.com\/file\/d\/1arrEfBUptmccuW8UFZT6qKI5prOn6G8U\/view? usp=sharing\" target=\"_blank\" rel=\"noreferrer noopener\">M\u00e1s informaci\u00f3n<\/a> (texto redactado con motivo del primer aniversario).<\/p>\n\n\n\n<div style=\"height:33px\" aria-hidden=\"true\" class=\"wp-block-spacer\"><\/div>\n\n\n\n<p><em>Jos\u00e9 Manuel \u00c1lvarez de Prado. Residencia &#8220;Parla&#8221; Fundaci\u00f3n Manantial<\/em><\/p>\n\n\n\n<div style=\"height:23px\" aria-hidden=\"true\" class=\"wp-block-spacer\"><\/div>\n","protected":false},"excerpt":{"rendered":"<p>Seg\u00fan alguno de los innumerables estudios que se realizaron a partir del confinamiento por la pandemia, el h\u00e1bito de la lectura aument\u00f3 en gran medida durante el pasado a\u00f1o. Ni que decir tiene que disponer de tiempo por el abandono de otras aficiones siempre facilita retomar esas historias que se quedaron a medias. Pero sospecho [&hellip;]<\/p>\n","protected":false},"author":1,"featured_media":3955,"comment_status":"open","ping_status":"closed","sticky":false,"template":"","format":"standard","meta":{"_acf_changed":false,"give_campaign_id":0,"_seopress_robots_primary_cat":"","_seopress_titles_title":"","_seopress_titles_desc":"","_seopress_robots_index":"","footnotes":""},"categories":[41],"tags":[],"class_list":["post-3954","post","type-post","status-publish","format-standard","has-post-thumbnail","hentry","category-blog-salud-mental"],"acf":[],"_links":{"self":[{"href":"https:\/\/www.fundacionmanantial.org\/en\/wp-json\/wp\/v2\/posts\/3954","targetHints":{"allow":["GET"]}}],"collection":[{"href":"https:\/\/www.fundacionmanantial.org\/en\/wp-json\/wp\/v2\/posts"}],"about":[{"href":"https:\/\/www.fundacionmanantial.org\/en\/wp-json\/wp\/v2\/types\/post"}],"author":[{"embeddable":true,"href":"https:\/\/www.fundacionmanantial.org\/en\/wp-json\/wp\/v2\/users\/1"}],"replies":[{"embeddable":true,"href":"https:\/\/www.fundacionmanantial.org\/en\/wp-json\/wp\/v2\/comments?post=3954"}],"version-history":[{"count":0,"href":"https:\/\/www.fundacionmanantial.org\/en\/wp-json\/wp\/v2\/posts\/3954\/revisions"}],"wp:featuredmedia":[{"embeddable":true,"href":"https:\/\/www.fundacionmanantial.org\/en\/wp-json\/wp\/v2\/media\/3955"}],"wp:attachment":[{"href":"https:\/\/www.fundacionmanantial.org\/en\/wp-json\/wp\/v2\/media?parent=3954"}],"wp:term":[{"taxonomy":"category","embeddable":true,"href":"https:\/\/www.fundacionmanantial.org\/en\/wp-json\/wp\/v2\/categories?post=3954"},{"taxonomy":"post_tag","embeddable":true,"href":"https:\/\/www.fundacionmanantial.org\/en\/wp-json\/wp\/v2\/tags?post=3954"}],"curies":[{"name":"wp","href":"https:\/\/api.w.org\/{rel}","templated":true}]}}