{"id":3952,"date":"2021-10-14T07:25:10","date_gmt":"2021-10-14T06:25:10","guid":{"rendered":"https:\/\/www.fundacionmanantial.org\/mi-paso-por-fundacion-manantial-a-lo-largo-del-tiempo\/"},"modified":"2021-10-14T07:25:10","modified_gmt":"2021-10-14T06:25:10","slug":"mi-paso-por-fundacion-manantial-a-lo-largo-del-tiempo","status":"publish","type":"post","link":"https:\/\/www.fundacionmanantial.org\/en\/mi-paso-por-fundacion-manantial-a-lo-largo-del-tiempo\/","title":{"rendered":"Mi paso por Fundaci\u00f3n Manantial a lo largo del tiempo"},"content":{"rendered":"\n<p>Qui\u00e9n me iba a decir a m\u00ed hace tres a\u00f1os que estar\u00eda en un lugar donde podr\u00eda <strong>tener total libertad de hacer cualquier cosa que me propusiera sin tener que depender de otras personas<\/strong> (para bien o para mal).&nbsp; En aquel momento ten\u00eda que cuidar a mi abuela de 95 a\u00f1os 24\/7 y, entre eso y la presi\u00f3n de los padres, pues poca cosa pod\u00eda hacer yo.<\/p>\n\n\n\n<p>Empec\u00e9 mis andanzas en el <strong>Centro de Rehabilitaci\u00f3n e Integraci\u00f3n Social \u00abCRIS&nbsp;Ciudad de&nbsp;Vila-real\u00bb, donde encontr\u00e9 a un equipo maravilloso de personas<\/strong>, junto a mis compa\u00f1eros. Entonces tuve mis primeras experiencias con otras personas de la misma \u00edndole, hasta entonces s\u00f3lo me hab\u00eda limitado a ir a mi psiquiatra de referencia y <strong>descubr\u00ed muchos recursos que ten\u00eda a mi alcance<\/strong> como persona afectada de esta enfermedad.<\/p>\n\n\n\n<p>Por ejemplo, el <strong>tener a una psic\u00f3loga de referencia cuando lo necesitaba<\/strong>, ya que en el sistema p\u00fablico de salud es muy complicado tener un seguimiento con dicha figura por la cantidad ingente de personas que hay que lo necesitan. Deber\u00edan poner m\u00e1s personal y recursos para ello, pero eso es otro tema a tratar.<\/p>\n\n\n\n<p>Tambi\u00e9n <strong>descubr\u00ed el recurso de las viviendas<\/strong>, entre otros recursos. Antes de estar en una, mi perspectiva de estar en ellas no era muy buena, dado lo que me hab\u00edan contado personas que en su mayor\u00eda desconoc\u00edan el recurso.<\/p>\n\n\n\n<p>Despu\u00e9s de haber tenido un ingreso en el Hospital Provincial (el primero en 33 a\u00f1os y espero que el \u00faltimo, a no ser que lo necesite de verdad), me tramitaron junto con los diversos agentes sociales el ingreso en dicha vivienda.<\/p>\n\n\n\n<p><strong>S\u00f3lo llevo 6 meses, pero mi experiencia en general es positiva, ya que me ha permitido una libertad de movimientos que por circunstancias personales, familiares y dem\u00e1s<\/strong> (pues mi situaci\u00f3n ha cambiado), no s\u00e9 si para bien o para mal, seg\u00fan quien lo vea, pero para m\u00ed pr\u00e1ctica, en el sentido de tener un estilo de vida en estas \u201cviviendas puente\u201d, para poco a poco, y junto a mis amistades y familiares cercanos, poder <strong>tener una transformaci\u00f3n personal y una vida como cualquier persona<\/strong>. Y si no hay m\u00e1s reca\u00eddas (que espero que no), <strong>en pocos a\u00f1os estar\u00e9 con mi vivienda propia y con mi proyecto de vida.<\/strong><\/p>\n\n\n\n<p>Tambi\u00e9n <strong>gracias al equipo que me acompa\u00f1a en este camino y los compa\u00f1eros que tengo actualmente en la vivienda<\/strong>, que, aunque con alg\u00fan peque\u00f1o roce, en general la convivencia es buena (bueno, como en cualquier vivienda que se precie y en cualquier \u00e1mbito, tanto familiar como personal).<\/p>\n\n\n\n<p>En fin, que esta es mi reflexi\u00f3n de haber pasado por las manos de Fundaci\u00f3n Manantial.<\/p>\n\n\n\n<p><em>Residente de una de las viviendas gestionadas por Fundaci\u00f3n Manantial en la Comunidad Valenciana<\/em><\/p>\n\n\n\n<p><\/p>\n","protected":false},"excerpt":{"rendered":"<p>Qui\u00e9n me iba a decir a m\u00ed hace tres a\u00f1os que estar\u00eda en un lugar donde podr\u00eda tener total libertad de hacer cualquier cosa que me propusiera sin tener que depender de otras personas (para bien o para mal).&nbsp; En aquel momento ten\u00eda que cuidar a mi abuela de 95 a\u00f1os 24\/7 y, entre eso [&hellip;]<\/p>\n","protected":false},"author":1,"featured_media":3953,"comment_status":"open","ping_status":"closed","sticky":false,"template":"","format":"standard","meta":{"_acf_changed":false,"give_campaign_id":0,"_seopress_robots_primary_cat":"","_seopress_titles_title":"","_seopress_titles_desc":"","_seopress_robots_index":"","footnotes":""},"categories":[41],"tags":[],"class_list":["post-3952","post","type-post","status-publish","format-standard","has-post-thumbnail","hentry","category-blog-salud-mental"],"acf":[],"_links":{"self":[{"href":"https:\/\/www.fundacionmanantial.org\/en\/wp-json\/wp\/v2\/posts\/3952","targetHints":{"allow":["GET"]}}],"collection":[{"href":"https:\/\/www.fundacionmanantial.org\/en\/wp-json\/wp\/v2\/posts"}],"about":[{"href":"https:\/\/www.fundacionmanantial.org\/en\/wp-json\/wp\/v2\/types\/post"}],"author":[{"embeddable":true,"href":"https:\/\/www.fundacionmanantial.org\/en\/wp-json\/wp\/v2\/users\/1"}],"replies":[{"embeddable":true,"href":"https:\/\/www.fundacionmanantial.org\/en\/wp-json\/wp\/v2\/comments?post=3952"}],"version-history":[{"count":0,"href":"https:\/\/www.fundacionmanantial.org\/en\/wp-json\/wp\/v2\/posts\/3952\/revisions"}],"wp:featuredmedia":[{"embeddable":true,"href":"https:\/\/www.fundacionmanantial.org\/en\/wp-json\/wp\/v2\/media\/3953"}],"wp:attachment":[{"href":"https:\/\/www.fundacionmanantial.org\/en\/wp-json\/wp\/v2\/media?parent=3952"}],"wp:term":[{"taxonomy":"category","embeddable":true,"href":"https:\/\/www.fundacionmanantial.org\/en\/wp-json\/wp\/v2\/categories?post=3952"},{"taxonomy":"post_tag","embeddable":true,"href":"https:\/\/www.fundacionmanantial.org\/en\/wp-json\/wp\/v2\/tags?post=3952"}],"curies":[{"name":"wp","href":"https:\/\/api.w.org\/{rel}","templated":true}]}}