{"id":3950,"date":"2021-10-06T12:29:41","date_gmt":"2021-10-06T11:29:41","guid":{"rendered":"https:\/\/www.fundacionmanantial.org\/libros-nomadas-en-leganes-por-el-dia-mundial-de-la-salud-mental\/"},"modified":"2021-10-06T12:29:41","modified_gmt":"2021-10-06T11:29:41","slug":"libros-nomadas-en-leganes-por-el-dia-mundial-de-la-salud-mental","status":"publish","type":"post","link":"https:\/\/www.fundacionmanantial.org\/en\/libros-nomadas-en-leganes-por-el-dia-mundial-de-la-salud-mental\/","title":{"rendered":"&#8220;Libros n\u00f3madas&#8221; en Legan\u00e9s por el D\u00eda Mundial de la Salud Mental"},"content":{"rendered":"\n<p>Con motivo del <strong>D\u00eda Mundial de la Salud Mental<\/strong>, el Centro de Rehabilitaci\u00f3n Laboral &#8220;Legan\u00e9s&#8221; estrena su proyecto <strong>Libros N\u00f3madas<\/strong>. <\/p>\n\n\n\n<p>Este viernes 8 de octubre saldremos a la calle para <strong>dejar libros en estaciones, bancos y parques de Legan\u00e9s para que nuestros vecinos y vecinas los puedan encontrar. <\/strong>As\u00ed que, si ves uno de nuestros libros de camino al trabajo, a la compra o de recoger a los ni\u00f1os del cole, ll\u00e9vatelo a casa y dale una segunda vida, es un regalo para ti. <\/p>\n\n\n\n<p>Deseamos que disfrutes de su lectura.<\/p>\n\n\n\n<p>Abre bien los ojos \u00a1comienza la b\u00fasqueda!<\/p>\n\n\n\n<p><em>Centro de Rehabilitaci\u00f3n Laboral &#8220;Legan\u00e9s&#8221; <\/em><\/p>\n","protected":false},"excerpt":{"rendered":"<p>Con motivo del D\u00eda Mundial de la Salud Mental, el Centro de Rehabilitaci\u00f3n Laboral &#8220;Legan\u00e9s&#8221; estrena su proyecto Libros N\u00f3madas. Este viernes 8 de octubre saldremos a la calle para dejar libros en estaciones, bancos y parques de Legan\u00e9s para que nuestros vecinos y vecinas los puedan encontrar. As\u00ed que, si ves uno de nuestros [&hellip;]<\/p>\n","protected":false},"author":1,"featured_media":3951,"comment_status":"open","ping_status":"closed","sticky":false,"template":"","format":"standard","meta":{"_acf_changed":false,"give_campaign_id":0,"_seopress_robots_primary_cat":"","_seopress_titles_title":"","_seopress_titles_desc":"","_seopress_robots_index":"","footnotes":""},"categories":[41],"tags":[],"class_list":["post-3950","post","type-post","status-publish","format-standard","has-post-thumbnail","hentry","category-blog-salud-mental"],"acf":[],"_links":{"self":[{"href":"https:\/\/www.fundacionmanantial.org\/en\/wp-json\/wp\/v2\/posts\/3950","targetHints":{"allow":["GET"]}}],"collection":[{"href":"https:\/\/www.fundacionmanantial.org\/en\/wp-json\/wp\/v2\/posts"}],"about":[{"href":"https:\/\/www.fundacionmanantial.org\/en\/wp-json\/wp\/v2\/types\/post"}],"author":[{"embeddable":true,"href":"https:\/\/www.fundacionmanantial.org\/en\/wp-json\/wp\/v2\/users\/1"}],"replies":[{"embeddable":true,"href":"https:\/\/www.fundacionmanantial.org\/en\/wp-json\/wp\/v2\/comments?post=3950"}],"version-history":[{"count":0,"href":"https:\/\/www.fundacionmanantial.org\/en\/wp-json\/wp\/v2\/posts\/3950\/revisions"}],"wp:featuredmedia":[{"embeddable":true,"href":"https:\/\/www.fundacionmanantial.org\/en\/wp-json\/wp\/v2\/media\/3951"}],"wp:attachment":[{"href":"https:\/\/www.fundacionmanantial.org\/en\/wp-json\/wp\/v2\/media?parent=3950"}],"wp:term":[{"taxonomy":"category","embeddable":true,"href":"https:\/\/www.fundacionmanantial.org\/en\/wp-json\/wp\/v2\/categories?post=3950"},{"taxonomy":"post_tag","embeddable":true,"href":"https:\/\/www.fundacionmanantial.org\/en\/wp-json\/wp\/v2\/tags?post=3950"}],"curies":[{"name":"wp","href":"https:\/\/api.w.org\/{rel}","templated":true}]}}