{"id":3948,"date":"2021-10-01T09:30:11","date_gmt":"2021-10-01T08:30:11","guid":{"rendered":"https:\/\/www.fundacionmanantial.org\/humor-por-la-salud-mental-casa-verde-en-abiertamente\/"},"modified":"2021-10-01T09:30:11","modified_gmt":"2021-10-01T08:30:11","slug":"humor-por-la-salud-mental-casa-verde-en-abiertamente","status":"publish","type":"post","link":"https:\/\/www.fundacionmanantial.org\/en\/humor-por-la-salud-mental-casa-verde-en-abiertamente\/","title":{"rendered":"&#8220;Humor por la Salud Mental&#8221;: Casa Verde en &#8220;Abiertamente&#8221;"},"content":{"rendered":"\n<p><strong><a rel=\"noreferrer noopener\" href=\"https:\/\/elastic-antonelli.5-250-189-237.plesk.page\/casa-verde\/\" target=\"_blank\">Casa Verde<\/a><\/strong> participar\u00e1 el pr\u00f3ximo <strong>7 de octubre<\/strong> en las <strong><a href=\"https:\/\/abiertamentevk.blogspot.com\/\" target=\"_blank\" rel=\"noreferrer noopener\">VI Jornadas Participativas &#8220;Abiertamente&#8221;<\/a><\/strong>, un espacio para <strong>promocionar la salud mental y mejorar la percepci\u00f3n social que se tiene sobre el trastorno mental<\/strong>, ya que el <strong>estigma <\/strong>dificulta su proceso de recuperaci\u00f3n y aumenta el <strong>riesgo de exclusi\u00f3n social y discriminaci\u00f3n<\/strong>. <\/p>\n\n\n\n<p>En <strong>Casa Verde vamos a realizar una actividad dirigida hacia el p\u00fablico infantil y familiar, abierta a todo el barrio: &#8220;Humor por la Salud Mental&#8221;<\/strong>. Junto a <a rel=\"noreferrer noopener\" href=\"https:\/\/www.clowns.org\/\" target=\"_blank\">Payasos Sin Fronteras<\/a>, pasaremos una tarde de risas y buen humor en la explanada de las Suertes, en la pista de patinaje. La actividad se desarrollar\u00e1 <strong>el jueves 7 octubre a las 18:00<\/strong>. Las vallas que delimitar\u00e1n el espacio se abrir\u00e1n a las 17:30.<\/p>\n\n\n\n<p>Las <strong>Jornadas Participativas de Salud Mental \u2018Abiertamente\u2019<\/strong> surgen de la inquietud de realizar una labor m\u00e1s all\u00e1 del trabajo cotidiano, fruto de la buena colaboraci\u00f3n y coordinaci\u00f3n de gran parte de las entidades que trabajan en el \u00e1mbito de la salud mental comunitaria de <strong>los distritos de Puente y Villa de Vallecas<\/strong>: Centro de Salud Mental Villa y Puente de Vallecas adscritos al Hospital Universitario Infanta Leonor- Hospital Virgen de la Torre, Alusamen, Fundaci\u00f3n Manantial con el proyecto Casa Verde, Centros Municipales de Salud Comunitaria de Puente y Villa de Vallecas, Fundaci\u00f3n Pilar de la Mata y Centros de Atenci\u00f3n Social a Personas con Trastornos Mentales Graves de Intress, Grupo Exter y L\u00ednea de Rehabilitaci\u00f3n Hermanas Hospitalarias.<\/p>\n\n\n\n<div class=\"wp-block-image\"><figure class=\"aligncenter size-large\"><img decoding=\"async\" src=\"https:\/\/elastic-antonelli.5-250-189-237.plesk.page\/\/wp-content\/uploads\/2021\/10\/humor-por-la-salud-mental-724x1024.jpg\" alt=\"\" class=\"wp-image-16375\"\/><\/figure><\/div>\n\n\n\n<div class=\"wp-block-image\"><figure class=\"aligncenter size-large\"><img decoding=\"async\" src=\"https:\/\/elastic-antonelli.5-250-189-237.plesk.page\/\/wp-content\/uploads\/2021\/10\/CARTEL-FINAL-Actividades-17092021-724x1024.jpg\" alt=\"\" class=\"wp-image-16373\"\/><\/figure><\/div>\n","protected":false},"excerpt":{"rendered":"<p>Casa Verde participar\u00e1 el pr\u00f3ximo 7 de octubre en las VI Jornadas Participativas &#8220;Abiertamente&#8221;, un espacio para promocionar la salud mental y mejorar la percepci\u00f3n social que se tiene sobre el trastorno mental, ya que el estigma dificulta su proceso de recuperaci\u00f3n y aumenta el riesgo de exclusi\u00f3n social y discriminaci\u00f3n. En Casa Verde vamos [&hellip;]<\/p>\n","protected":false},"author":1,"featured_media":3949,"comment_status":"open","ping_status":"closed","sticky":false,"template":"","format":"standard","meta":{"_acf_changed":false,"give_campaign_id":0,"_seopress_robots_primary_cat":"","_seopress_titles_title":"","_seopress_titles_desc":"","_seopress_robots_index":"","footnotes":""},"categories":[41],"tags":[],"class_list":["post-3948","post","type-post","status-publish","format-standard","has-post-thumbnail","hentry","category-blog-salud-mental"],"acf":[],"_links":{"self":[{"href":"https:\/\/www.fundacionmanantial.org\/en\/wp-json\/wp\/v2\/posts\/3948","targetHints":{"allow":["GET"]}}],"collection":[{"href":"https:\/\/www.fundacionmanantial.org\/en\/wp-json\/wp\/v2\/posts"}],"about":[{"href":"https:\/\/www.fundacionmanantial.org\/en\/wp-json\/wp\/v2\/types\/post"}],"author":[{"embeddable":true,"href":"https:\/\/www.fundacionmanantial.org\/en\/wp-json\/wp\/v2\/users\/1"}],"replies":[{"embeddable":true,"href":"https:\/\/www.fundacionmanantial.org\/en\/wp-json\/wp\/v2\/comments?post=3948"}],"version-history":[{"count":0,"href":"https:\/\/www.fundacionmanantial.org\/en\/wp-json\/wp\/v2\/posts\/3948\/revisions"}],"wp:featuredmedia":[{"embeddable":true,"href":"https:\/\/www.fundacionmanantial.org\/en\/wp-json\/wp\/v2\/media\/3949"}],"wp:attachment":[{"href":"https:\/\/www.fundacionmanantial.org\/en\/wp-json\/wp\/v2\/media?parent=3948"}],"wp:term":[{"taxonomy":"category","embeddable":true,"href":"https:\/\/www.fundacionmanantial.org\/en\/wp-json\/wp\/v2\/categories?post=3948"},{"taxonomy":"post_tag","embeddable":true,"href":"https:\/\/www.fundacionmanantial.org\/en\/wp-json\/wp\/v2\/tags?post=3948"}],"curies":[{"name":"wp","href":"https:\/\/api.w.org\/{rel}","templated":true}]}}