{"id":3946,"date":"2021-09-28T07:49:07","date_gmt":"2021-09-28T06:49:07","guid":{"rendered":"https:\/\/www.fundacionmanantial.org\/hortaleza-contra-la-explotacion-sexual-y-la-trata\/"},"modified":"2021-09-28T07:49:07","modified_gmt":"2021-09-28T06:49:07","slug":"hortaleza-contra-la-explotacion-sexual-y-la-trata","status":"publish","type":"post","link":"https:\/\/www.fundacionmanantial.org\/en\/hortaleza-contra-la-explotacion-sexual-y-la-trata\/","title":{"rendered":"Hortaleza contra la explotaci\u00f3n sexual y la trata"},"content":{"rendered":"\n<p>El 23 de septiembre, con motivo del <strong><a href=\"https:\/\/violenciagenero.igualdad.gob.es\/otrasFormas\/trata\/sensibilizacion\/campanas\/23Septiembre\/home.htm#:~:text=Mutilaci%C3%B3n%20Genital%20Femenina-,Conmemoraci%C3%B3n%20del%20D%C3%ADa%20Internacional%20contra%20la%20Explotaci%C3%B3n%20Sexual%20y%20el,y%20Ni%C3%B1os%3A23%20de%20septiembre\" target=\"_blank\" rel=\"noreferrer noopener\">D\u00eda internacional contra la explotaci\u00f3n sexual y la trata de mujeres, ni\u00f1as y ni\u00f1os<\/a>, en el Centro de Rehabilitaci\u00f3n Laboral &#8220;Hortaleza&#8221;<\/strong> realizamos, junto a diversas entidades del distrito, u<strong>n taller de sensibilizaci\u00f3n<\/strong> para darle la mayor resonancia posible a un tema tremendamente doloroso y demasiado silenciado.<\/p>\n\n\n\n<p><br>El taller se realiz\u00f3 en el jard\u00edn de los <a href=\"https:\/\/elastic-antonelli.5-250-189-237.plesk.page\/atencion-social\/\" target=\"_blank\" rel=\"noreferrer noopener\">Centros de Atenci\u00f3n Social de Fundaci\u00f3n Manantial<\/a> en Hortaleza, un espacio que se est\u00e1 convirtiendo en <strong>un espacio comunitario de celebraci\u00f3n de todo tipo de eventos, tanto culturales como sociales.<\/strong><\/p>\n\n\n\n<p><br>En el taller participaron el <a rel=\"noreferrer noopener\" href=\"https:\/\/www.madrid.es\/portales\/munimadrid\/es\/Inicio\/Servicios-sociales-y-salud\/Direcciones-y-telefonos\/CMSc-Centro-Municipal-de-Salud-Comunitaria-Hortaleza\/?vgnextfmt=default&amp;vgnextoid=aec4e35bba51c010VgnVCM2000000c205a0aRCRD&amp;vgnextchannel=2bc2c8eb248fe410VgnVCM1000000b205a0aRCRD\" target=\"_blank\">Centro Municipal de Salud Comunitaria Hortaleza<\/a>, el <a rel=\"noreferrer noopener\" href=\"https:\/\/www.madrid.es\/portales\/munimadrid\/es\/Inicio\/Servicios-sociales-y-salud\/Direcciones-y-telefonos\/Centro-de-Salud-Mental-Hortaleza\/?vgnextfmt=default&amp;vgnextoid=cb0b224e0d61c010VgnVCM1000000b205a0aRCRD&amp;vgnextchannel=2bc2c8eb248fe410VgnVCM1000000b205a0aRCRD\" target=\"_blank\">Centro de Salud Mental Hortaleza<\/a>, el <a href=\"https:\/\/www.madrid.es\/portales\/munimadrid\/es\/Inicio\/El-Ayuntamiento\/Hortaleza\/Direcciones-y-telefonos\/Espacio-de-Igualdad-Carme-Chacon-Hortaleza\/?vgnextfmt=default&amp;vgnextoid=a3ab855a64315610VgnVCM2000001f4a900aRCRD&amp;vgnextchannel=3ae3d47ffee28010VgnVCM100000dc0ca8c0RCRD\" target=\"_blank\" rel=\"noreferrer noopener\">Espacio de Igualdad Carme Chac\u00f3n<\/a>, <a href=\"https:\/\/diaconia.es\/\" target=\"_blank\" rel=\"noreferrer noopener\">Diaconia\u00a0<\/a>(Proyecto Adana), <a href=\"http:\/\/www.candelita.org\/\" target=\"_blank\" rel=\"noreferrer noopener\">Candelita<\/a>, <a href=\"https:\/\/radioenlace.org\/\" target=\"_blank\" rel=\"noreferrer noopener\">Radio Enlace<\/a>, as\u00ed como usuarios y usuarias de los recursos de Hortaleza.<\/p>\n\n\n\n<p><br><strong>Diaconia\u00a0<\/strong>ofreci\u00f3 una charla informativa y de sensibilizaci\u00f3n sobre el tema de la Trata y luego se confeccion\u00f3 un mural en el que participaron los asistentes al taller. <strong>Este mural<\/strong>, <strong>que actualmente est\u00e1 expuesto en el Centro de Rehabilitaci\u00f3n Laboral &#8220;Hortaleza&#8221;, ir\u00e1 recorriendo los espacios de las distintas entidades que participaron de la jornada.<\/strong><\/p>\n\n\n\n<p><\/p>\n","protected":false},"excerpt":{"rendered":"<p>El 23 de septiembre, con motivo del D\u00eda internacional contra la explotaci\u00f3n sexual y la trata de mujeres, ni\u00f1as y ni\u00f1os, en el Centro de Rehabilitaci\u00f3n Laboral &#8220;Hortaleza&#8221; realizamos, junto a diversas entidades del distrito, un taller de sensibilizaci\u00f3n para darle la mayor resonancia posible a un tema tremendamente doloroso y demasiado silenciado. El taller [&hellip;]<\/p>\n","protected":false},"author":1,"featured_media":3947,"comment_status":"open","ping_status":"closed","sticky":false,"template":"","format":"standard","meta":{"_acf_changed":false,"give_campaign_id":0,"_seopress_robots_primary_cat":"","_seopress_titles_title":"","_seopress_titles_desc":"","_seopress_robots_index":"","footnotes":""},"categories":[41],"tags":[],"class_list":["post-3946","post","type-post","status-publish","format-standard","has-post-thumbnail","hentry","category-blog-salud-mental"],"acf":[],"_links":{"self":[{"href":"https:\/\/www.fundacionmanantial.org\/en\/wp-json\/wp\/v2\/posts\/3946","targetHints":{"allow":["GET"]}}],"collection":[{"href":"https:\/\/www.fundacionmanantial.org\/en\/wp-json\/wp\/v2\/posts"}],"about":[{"href":"https:\/\/www.fundacionmanantial.org\/en\/wp-json\/wp\/v2\/types\/post"}],"author":[{"embeddable":true,"href":"https:\/\/www.fundacionmanantial.org\/en\/wp-json\/wp\/v2\/users\/1"}],"replies":[{"embeddable":true,"href":"https:\/\/www.fundacionmanantial.org\/en\/wp-json\/wp\/v2\/comments?post=3946"}],"version-history":[{"count":0,"href":"https:\/\/www.fundacionmanantial.org\/en\/wp-json\/wp\/v2\/posts\/3946\/revisions"}],"wp:featuredmedia":[{"embeddable":true,"href":"https:\/\/www.fundacionmanantial.org\/en\/wp-json\/wp\/v2\/media\/3947"}],"wp:attachment":[{"href":"https:\/\/www.fundacionmanantial.org\/en\/wp-json\/wp\/v2\/media?parent=3946"}],"wp:term":[{"taxonomy":"category","embeddable":true,"href":"https:\/\/www.fundacionmanantial.org\/en\/wp-json\/wp\/v2\/categories?post=3946"},{"taxonomy":"post_tag","embeddable":true,"href":"https:\/\/www.fundacionmanantial.org\/en\/wp-json\/wp\/v2\/tags?post=3946"}],"curies":[{"name":"wp","href":"https:\/\/api.w.org\/{rel}","templated":true}]}}