{"id":3942,"date":"2021-10-26T09:25:36","date_gmt":"2021-10-26T08:25:36","guid":{"rendered":"https:\/\/www.fundacionmanantial.org\/la-supervision-de-nuestro-trabajo-la-experiencia-de-fuenlabrada\/"},"modified":"2021-10-26T09:25:36","modified_gmt":"2021-10-26T08:25:36","slug":"la-supervision-de-nuestro-trabajo-la-experiencia-de-fuenlabrada","status":"publish","type":"post","link":"https:\/\/www.fundacionmanantial.org\/en\/la-supervision-de-nuestro-trabajo-la-experiencia-de-fuenlabrada\/","title":{"rendered":"La supervisi\u00f3n de nuestro trabajo: la experiencia de Fuenlabrada"},"content":{"rendered":"\n<p> Desde hace m\u00e1s de 12 a\u00f1os, los equipos de trabajo que tienen atenci\u00f3n directa a usuarios en cualquiera de los programas, servicios y recursos que gestiona Fundaci\u00f3n Manantial, cuentan a su disposici\u00f3n con una <strong>herramienta de formaci\u00f3n e intervenci\u00f3n y una metodolog\u00eda estructurada de trabajo<\/strong> denominada <strong>supervisi\u00f3n<\/strong>. <\/p>\n\n\n\n<p>Pero, \u00bfqu\u00e9 es la supervisi\u00f3n? Utilizaremos las palabras de Carmina Puig, profesora de la Universidad Rovira i Virgili de Tarragona, en su art\u00edculo \u201cLa supervisi\u00f3n en los equipos de Servicios Sociales: una oportunidad para la reflexi\u00f3n, el pensamiento y el cuidado de los profesionales\u201d: <em>La supervisi\u00f3n es el an\u00e1lisis de la pr\u00e1ctica profesional que realizan los trabajadores de \u00e1mbitos psicosociales. Es un trabajo sobre el trabajo, un meta trabajo que se sit\u00faa en la interfaz entre el aprendizaje, la formaci\u00f3n, la educaci\u00f3n y el apoyo en una organizaci\u00f3n o instituci\u00f3n. La supervisi\u00f3n en la intervenci\u00f3n social, llevada a cabo por un supervisor externo a la instituci\u00f3n, es un proceso y una relaci\u00f3n que tiene como objetivo revisar el trabajo profesional y los sentimientos que acompa\u00f1an la actividad. Tambi\u00e9n ayuda a contrastar los marcos te\u00f3ricos y conceptuales con la praxis cotidiana<\/em>. <\/p>\n\n\n\n<p><a href=\"https:\/\/elastic-antonelli.5-250-189-237.plesk.page\/la-supervision-una-herramienta-para-reflexionar-sobre-nuestro-trabajo\/\" target=\"_blank\" rel=\"noreferrer noopener\">Saber m\u00e1s sobre las supervisiones en Fundaci\u00f3n Manantial<\/a><\/p>\n\n\n\n<div style=\"height:48px\" aria-hidden=\"true\" class=\"wp-block-spacer\"><\/div>\n\n\n\n<p><strong>El equipo del Centro de  Rehabilitaci\u00f3n Laboral &#8220;Fuenlabrada&#8221; cuenta su experiencia, a qu\u00e9 les ha ayudado esta herramienta y qu\u00e9 ha supuesto en su forma de trabajar.<\/strong><\/p>\n\n\n\n<p><\/p>\n\n\n\n<p>Somos un equipo que lleva trabajando junto casi 15 a\u00f1os y siempre hemos tratado de tener una mente abierta, interes\u00e1ndonos por diferentes marcos te\u00f3ricos e incorporando todo aquello que posibilitara una evoluci\u00f3n constante en nuestro trabajo.<\/p>\n\n\n\n<p>Durante este tiempo, hemos tenido la oportunidad de trabajar con seis supervisores distintos, lo que ha nutrido de manera notable este proceso de aprendizaje continuo.<\/p>\n\n\n\n<p>Por un lado, nos ha permitido conocer diferentes modos desde los que pensar y entender los casos y el funcionamiento del equipo, incorporando todo ello a la tarea del d\u00eda a d\u00eda.<\/p>\n\n\n\n<p>Por otra parte, ha dado lugar a que cada miembro del equipo pueda aportar su visi\u00f3n, de forma tal que las diferentes dimensiones del caso y el trabajo grupal queden expuestos y, as\u00ed, poder abordarlos de la manera m\u00e1s amplia posible.<\/p>\n\n\n\n<p>En algunas ocasiones, se ha optado tambi\u00e9n por una supervisi\u00f3n conjunta con otros equipos con los que compartimos centro (Equipo de Apoyo Social Comunitario y Centro de D\u00eda). Esto permiti\u00f3 sumar la experiencia y el saber de profesionales que trabajan en otros recursos -que no son de rehabilitaci\u00f3n laboral pero s\u00ed participan de la misma red-, para ayudar, desde un lugar similar y distinto al mismo tiempo, a la construcci\u00f3n de los casos y de las l\u00f3gicas de funcionamiento del equipo.<\/p>\n\n\n\n<p>Siempre se ha intentado tener en cuenta los diferentes procesos que estaba atravesando el equipo, decidiendo el tipo de supervisi\u00f3n que pudiera aportar m\u00e1s en funci\u00f3n de las necesidades de cada momento. As\u00ed, por ejemplo, este a\u00f1o en el que lo comunitario se presenta como una prioridad institucional, tenemos una supervisi\u00f3n que nos est\u00e1 permitiendo conocer m\u00e1s a fondo esta metodolog\u00eda comunitaria e implementarla en la singularidad de nuestro Centro de Rehabilitaci\u00f3n Laboral.<\/p>\n\n\n\n<p>Como reflexi\u00f3n final, destacamos el dispositivo de la supervisi\u00f3n como un elemento central en el crecimiento del equipo, cosa que revierte directamente en la tarea que nos convoca y con la que estamos profundamente comprometidas.<\/p>\n\n\n\n<p><em>Equipo del Centro de Rehabilitaci\u00f3n Laboral &#8220;Fuenlabrada&#8221;<\/em><\/p>\n\n\n\n<div style=\"height:38px\" aria-hidden=\"true\" class=\"wp-block-spacer\"><\/div>\n\n\n\n<p>Entradas relacionadas<\/p>\n\n\n\n<figure class=\"wp-block-embed is-type-wp-embed is-provider-fundacion-manantial wp-block-embed-fundacion-manantial\"><div class=\"wp-block-embed__wrapper\">\n<blockquote class=\"wp-embedded-content\" data-secret=\"pLPqZbJM0v\"><a href=\"https:\/\/elastic-antonelli.5-250-189-237.plesk.page\/la-supervision-una-herramienta-para-reflexionar-sobre-nuestro-trabajo\/\">La supervisi\u00f3n, una herramienta para reflexionar sobre nuestro trabajo<\/a><\/blockquote><iframe class=\"wp-embedded-content\" sandbox=\"allow-scripts\" security=\"restricted\" style=\"position: absolute; clip: rect(1px, 1px, 1px, 1px);\" title=\"\u00abLa supervisi\u00f3n, una herramienta para reflexionar sobre nuestro trabajo\u00bb \u2014 Fundaci\u00f3n Manantial\" src=\"https:\/\/elastic-antonelli.5-250-189-237.plesk.page\/la-supervision-una-herramienta-para-reflexionar-sobre-nuestro-trabajo\/embed\/#?secret=1al1ZpXkd4#?secret=pLPqZbJM0v\" data-secret=\"pLPqZbJM0v\" width=\"500\" height=\"282\" frameborder=\"0\" marginwidth=\"0\" marginheight=\"0\" scrolling=\"no\"><\/iframe>\n<\/div><\/figure>\n","protected":false},"excerpt":{"rendered":"<p>Desde hace m\u00e1s de 12 a\u00f1os, los equipos de trabajo que tienen atenci\u00f3n directa a usuarios en cualquiera de los programas, servicios y recursos que gestiona Fundaci\u00f3n Manantial, cuentan a su disposici\u00f3n con una herramienta de formaci\u00f3n e intervenci\u00f3n y una metodolog\u00eda estructurada de trabajo denominada supervisi\u00f3n. Pero, \u00bfqu\u00e9 es la supervisi\u00f3n? Utilizaremos las palabras [&hellip;]<\/p>\n","protected":false},"author":1,"featured_media":3943,"comment_status":"open","ping_status":"closed","sticky":false,"template":"","format":"standard","meta":{"_acf_changed":false,"give_campaign_id":0,"_seopress_robots_primary_cat":"","_seopress_titles_title":"","_seopress_titles_desc":"","_seopress_robots_index":"","footnotes":""},"categories":[41],"tags":[84,85,64,516,65],"class_list":["post-3942","post","type-post","status-publish","format-standard","has-post-thumbnail","hentry","category-blog-salud-mental","tag-formacion","tag-fundacion-manantial","tag-recuperacion","tag-rehabilitacion","tag-salud-mental"],"acf":[],"_links":{"self":[{"href":"https:\/\/www.fundacionmanantial.org\/en\/wp-json\/wp\/v2\/posts\/3942","targetHints":{"allow":["GET"]}}],"collection":[{"href":"https:\/\/www.fundacionmanantial.org\/en\/wp-json\/wp\/v2\/posts"}],"about":[{"href":"https:\/\/www.fundacionmanantial.org\/en\/wp-json\/wp\/v2\/types\/post"}],"author":[{"embeddable":true,"href":"https:\/\/www.fundacionmanantial.org\/en\/wp-json\/wp\/v2\/users\/1"}],"replies":[{"embeddable":true,"href":"https:\/\/www.fundacionmanantial.org\/en\/wp-json\/wp\/v2\/comments?post=3942"}],"version-history":[{"count":0,"href":"https:\/\/www.fundacionmanantial.org\/en\/wp-json\/wp\/v2\/posts\/3942\/revisions"}],"wp:featuredmedia":[{"embeddable":true,"href":"https:\/\/www.fundacionmanantial.org\/en\/wp-json\/wp\/v2\/media\/3943"}],"wp:attachment":[{"href":"https:\/\/www.fundacionmanantial.org\/en\/wp-json\/wp\/v2\/media?parent=3942"}],"wp:term":[{"taxonomy":"category","embeddable":true,"href":"https:\/\/www.fundacionmanantial.org\/en\/wp-json\/wp\/v2\/categories?post=3942"},{"taxonomy":"post_tag","embeddable":true,"href":"https:\/\/www.fundacionmanantial.org\/en\/wp-json\/wp\/v2\/tags?post=3942"}],"curies":[{"name":"wp","href":"https:\/\/api.w.org\/{rel}","templated":true}]}}