{"id":3938,"date":"2021-08-11T10:56:25","date_gmt":"2021-08-11T09:56:25","guid":{"rendered":"https:\/\/www.fundacionmanantial.org\/redescubriendo-capacidades\/"},"modified":"2021-08-11T10:56:25","modified_gmt":"2021-08-11T09:56:25","slug":"redescubriendo-capacidades","status":"publish","type":"post","link":"https:\/\/www.fundacionmanantial.org\/en\/redescubriendo-capacidades\/","title":{"rendered":"&#8220;Redescubriendo capacidades&#8221;"},"content":{"rendered":"\n<p>&#8220;Las personas con las que trabajamos <strong>han sufrido una ruptura en sus vidas<\/strong>. Nosotros entendemos la capacidad como un <strong>redescubrimiento de habilidades, acciones y toma de decisiones <\/strong>que tienen un sentido para la persona, haci\u00e9ndolas suyas y reintegr\u00e1ndolas en su relato biogr\u00e1fico.<\/p>\n\n\n\n<p>La finalidad es <strong>potenciar la autonom\u00eda de las personas con sufrimiento mental<\/strong>, para buscar una transformaci\u00f3n individual como <strong>&#8216;ciudadano de pleno derecho&#8217;<\/strong>; facilitando espacios y procesos educativos que promuevan el <strong>desarrollo de capacidades para el ejercicio pleno de la ciudadan\u00eda<\/strong>, siendo as\u00ed el sujeto activo de la transformaci\u00f3n social.<\/p>\n\n\n\n<p>Esta mirada nos lleva a reflexionar en el concepto de capacidad y a enfocar la praxis del educador\/a social en el <strong>desarrollo de capacidades<\/strong>; ofreciendo oportunidades para un <strong>aprendizaje significativo, crecimiento y participaci\u00f3n<\/strong>, apoyando a la persona en su proceso vital y <strong>buscando el empoderamiento del sujeto<\/strong>.<\/p>\n\n\n\n<p>Por todo ello, tras el an\u00e1lisis y reflexi\u00f3n, hemos desarrollado un <strong>m\u00e9todo de intervenci\u00f3n flexible y no lineal<\/strong>, que engloba el quehacer del educador social. Un m\u00e9todo que ayuda a <strong>entender nuestra intervenci\u00f3n, dot\u00e1ndolo de sentido y forma, aportando teor\u00eda a la pr\u00e1ctica&#8221;.<\/strong><\/p>\n\n\n\n<p><strong>Alberto Garc\u00eda, Basilisa Monz\u00f3n, Sara Berm\u00fadez, Roberto Pompa, Irene Caro, Paloma Azahara Sim\u00f3n, Claudia Patricia de Miguel, M\u00f3nica S\u00e1nchez, Izaskun Varela y Vanessa Fuente<\/strong>, educadores y educadoras sociales de Fundaci\u00f3n Manantial, han publicado su <strong>art\u00edculo &#8220;Redescubriendo capacidades&#8221; en la Revista Norte<\/strong>, revista de Salud Mental y Psiquiatr\u00eda Comunitaria.<\/p>\n\n\n\n<div style=\"height:15px\" aria-hidden=\"true\" class=\"wp-block-spacer\"><\/div>\n\n\n\n<p><strong><a href=\"https:\/\/ome-aen.org\/biblioteca\/revista-norte\/\" data-type=\"URL\" data-id=\"https:\/\/ome-aen.org\/biblioteca\/revista-norte\/\">Leer el art\u00edculo completo (p\u00e1gina 66)<\/a><\/strong><\/p>\n\n\n\n<div style=\"height:25px\" aria-hidden=\"true\" class=\"wp-block-spacer\"><\/div>\n\n\n\n<p>Otros art\u00edculos de profesionales de Fundaci\u00f3n Manantial<\/p>\n\n\n\n<figure class=\"wp-block-embed is-type-wp-embed is-provider-fundacion-manantial wp-block-embed-fundacion-manantial\"><div class=\"wp-block-embed__wrapper\">\nhttps:\/\/elastic-antonelli.5-250-189-237.plesk.page\/ser-con-otras-y-otros\/\n<\/div><\/figure>\n","protected":false},"excerpt":{"rendered":"<p>&#8220;Las personas con las que trabajamos han sufrido una ruptura en sus vidas. Nosotros entendemos la capacidad como un redescubrimiento de habilidades, acciones y toma de decisiones que tienen un sentido para la persona, haci\u00e9ndolas suyas y reintegr\u00e1ndolas en su relato biogr\u00e1fico. La finalidad es potenciar la autonom\u00eda de las personas con sufrimiento mental, para [&hellip;]<\/p>\n","protected":false},"author":1,"featured_media":3939,"comment_status":"open","ping_status":"closed","sticky":false,"template":"","format":"standard","meta":{"_acf_changed":false,"give_campaign_id":0,"_seopress_robots_primary_cat":"","_seopress_titles_title":"","_seopress_titles_desc":"","_seopress_robots_index":"","footnotes":""},"categories":[41],"tags":[253,64,516,65,111,661],"class_list":["post-3938","post","type-post","status-publish","format-standard","has-post-thumbnail","hentry","category-blog-salud-mental","tag-enfermedad-mental","tag-recuperacion","tag-rehabilitacion","tag-salud-mental","tag-sensibilizacion","tag-sensibilizacion-social"],"acf":[],"_links":{"self":[{"href":"https:\/\/www.fundacionmanantial.org\/en\/wp-json\/wp\/v2\/posts\/3938","targetHints":{"allow":["GET"]}}],"collection":[{"href":"https:\/\/www.fundacionmanantial.org\/en\/wp-json\/wp\/v2\/posts"}],"about":[{"href":"https:\/\/www.fundacionmanantial.org\/en\/wp-json\/wp\/v2\/types\/post"}],"author":[{"embeddable":true,"href":"https:\/\/www.fundacionmanantial.org\/en\/wp-json\/wp\/v2\/users\/1"}],"replies":[{"embeddable":true,"href":"https:\/\/www.fundacionmanantial.org\/en\/wp-json\/wp\/v2\/comments?post=3938"}],"version-history":[{"count":0,"href":"https:\/\/www.fundacionmanantial.org\/en\/wp-json\/wp\/v2\/posts\/3938\/revisions"}],"wp:featuredmedia":[{"embeddable":true,"href":"https:\/\/www.fundacionmanantial.org\/en\/wp-json\/wp\/v2\/media\/3939"}],"wp:attachment":[{"href":"https:\/\/www.fundacionmanantial.org\/en\/wp-json\/wp\/v2\/media?parent=3938"}],"wp:term":[{"taxonomy":"category","embeddable":true,"href":"https:\/\/www.fundacionmanantial.org\/en\/wp-json\/wp\/v2\/categories?post=3938"},{"taxonomy":"post_tag","embeddable":true,"href":"https:\/\/www.fundacionmanantial.org\/en\/wp-json\/wp\/v2\/tags?post=3938"}],"curies":[{"name":"wp","href":"https:\/\/api.w.org\/{rel}","templated":true}]}}