{"id":3935,"date":"2021-06-03T12:16:37","date_gmt":"2021-06-03T11:16:37","guid":{"rendered":"https:\/\/www.fundacionmanantial.org\/subjetividad-y-aspectos-sociales\/"},"modified":"2021-06-03T12:16:37","modified_gmt":"2021-06-03T11:16:37","slug":"subjetividad-y-aspectos-sociales","status":"publish","type":"post","link":"https:\/\/www.fundacionmanantial.org\/en\/subjetividad-y-aspectos-sociales\/","title":{"rendered":"&#8220;Subjetividad y aspectos sociales&#8221;"},"content":{"rendered":"<p>Qu\u00e9 inspiradora ha sido la formaci\u00f3n que nos ha ofrecido <strong><a href=\"http:\/\/www.lolamondejar.com.mialias.net\/\" target=\"_blank\" rel=\"noopener\">Lola L\u00f3pez-Mond\u00e9jar<\/a>.<\/strong> Lo he vivido como <strong>un viaje de re-conocimiento personal y profesional atravesado por un \u201catr\u00e9vete a pensar\u201d.<\/strong><\/p>\n<p>Una de las cosas que m\u00e1s me ayud\u00f3 fue a reflexionar c\u00f3mo la estructura socio-econ\u00f3mica y pol\u00edtica en la que vivimos influye en gran medida en c\u00f3mo est\u00e1n construidos las llamadas <strong>\u201cpersonas de mentes huecas\u201d<\/strong>, imperantes y mayoritarias.<\/p>\n<p>Aquellas personas que, esclavas de la sociedad l\u00edquida en la que vivimos, <strong>consumen bienes, productos y personas para poder rellenar a toda costa algunas de sus insatisfacciones, inseguridades o poder evitar a la tan temida tristeza. En vez de hacer frente a aquello que escuece. En vez de aprender a habitar la soledad.<\/strong><\/p>\n<p>Y yo personalmente cuando la escuchaba hablar, me proyectaba ah\u00ed en diferentes etapas, <strong>intentando tapar las heridas del pasado, invent\u00e1ndome atajos, crey\u00e9ndome invencible.<\/strong> Me he relacionado con muchas personas a lo largo de mi vida, gracias en gran medida a mi car\u00e1cter espont\u00e1neo.\u00a0<strong>Pero pocas son las que han conseguido bucear por aquello que tanto me cuesta ponerle palabras.<\/strong><\/p>\n<p>Cu\u00e1ntas veces me habr\u00e9 visto atragantada con una pregunta por miedo a saber la respuesta. Y ah\u00ed te quedas, perdida en la duda. <strong>Sin comprender que mostrar vulnerabilidad es lo que nos hace fuertes. Siempre.<\/strong><\/p>\n<p>Es el inter\u00e9s\u00a0y la intenci\u00f3n que pongamos lo que\u00a0vamos a dar a conocer y expresar en nuestras relaciones m\u00e1s cercanas e interpersonales, laborales y personales.<\/p>\n<p>Estas se ven reflejadas en los espacios mutuos y en la intimidad que se genera, en todos los niveles y en el grado que libremente elijamos.<br \/>\nEste punto, dir\u00eda yo, es casi <strong>la principal tarea que nos ata\u00f1e a las profesionales de salud mental: propiciar y cuidar este tipo de espacios para que las personas con las que trabajamos puedan incorporarlo a sus mochilas<\/strong>.<\/p>\n<p>La intenci\u00f3n\u00a0la podemos tener desde el primer momento que conocemos o vemos a una persona (con nuestra mirada cargada de conocimientos previos, claro) y nos servir\u00e1\u00a0de gasolina posteriormente para una comunicaci\u00f3n fluida y construcci\u00f3n subjetiva conjunta. <strong>Eso va configurando nuestra experiencia, que no est\u00e1 escrita en ning\u00fan sitio<\/strong>.<\/p>\n<p>Dicha experiencia subjetiva es la que nos lleva por el camino del aprendizaje, que influye significativamente en lo que pensamos, sentimos o hacemos, que vamos incorporando a nuestras relaciones.<\/p>\n<p>Uno de los errores m\u00e1s comunes es actuar dentro de esas relaciones pensando que t\u00fa eres la \u00fanica que puede salir herida, fruto de esta sociedad tan sumamente individualista. <strong>Responsabilizarse del riesgo que asumes cuando te expones con una persona con el coraz\u00f3n totalmente abierto, conlleva tambi\u00e9n una\u00a0responsabilidad con tus propios sentimientos<\/strong> (y con los del otro, claro).<\/p>\n<p>Sumando nuestra experiencia y la disposici\u00f3n que tengamos a los posibles cambios en relaci\u00f3n, <strong>aprendemos a responder y, sobre todo, a ENTENDER nuestras emociones.<\/strong><\/p>\n<p>Nuestras mochilas ser\u00e1n, pues, m\u00e1s ricas cuantas m\u00e1s alternativas estemos dispuestos a poner en marcha y por las que dejarnos atravesar.<\/p>\n<p>Si estamos dispuestas a \u201carriesgar\u201d y soltar los valores que nos vienen de cuna para construir un espacio conjunto, compartido, donde nos podamos acompa\u00f1ar como sociedad comunitaria, debemos desnudar nuestros \u201cavatares\u201d. <strong>Esas m\u00e1scaras que nos crean un falso confort, que nos mantienen alejados, solas y nos provocan tanto sufrimiento emocional.<\/strong><\/p>\n<p><strong>Desnudar(se) conlleva altas dosis de empat\u00eda, tiempo y paciencia.<\/strong> Una paciencia que est\u00e1 en tela de juicio en este mundo atravesado por la inmediatez.<\/p>\n<p><strong>Desnudar(se) conlleva comunicaci\u00f3n<\/strong>, saber de qu\u00e9 est\u00e1n hechos tus sue\u00f1os, tus corazas, tus frustraciones, tus alegr\u00edas.<\/p>\n<p><strong>Desnudar(se) conlleva que lo que hacemos o decimos tiene unas consecuencias<\/strong>, por lo que debemos de asumir nuestra responsabilidad.<\/p>\n<p><strong>Desnudar(se) conlleva tener en cuenta que la subjetividad emocional de la otra persona puede ser diferente a la tuya<\/strong>.<\/p>\n<p><strong>Desnudar(se) conlleva\u00a0que los v\u00ednculos que se crean implican cuidados.<\/strong><\/p>\n<p><strong>Desnudar(se) conlleva establecer l\u00edmites o acuerdos entre ambas partes.<\/strong><\/p>\n<p><strong>Desnudar(se) conlleva revisar nuestras miradas como profesionales, conquistar el espacio comunitario y crear una subjetividad conjunta donde no se quede nadie atr\u00e1s.<\/strong><\/p>\n<p><em>Sara Nieves, educadora del Equipo de Apoyo Social Comunitario &#8220;Torrej\u00f3n&#8221;<\/em><\/p>\n<p>&nbsp;<\/p>\n","protected":false},"excerpt":{"rendered":"<p>Qu\u00e9 inspiradora ha sido la formaci\u00f3n que nos ha ofrecido Lola L\u00f3pez-Mond\u00e9jar. Lo he vivido como un viaje de re-conocimiento personal y profesional atravesado por un \u201catr\u00e9vete a pensar\u201d. Una de las cosas que m\u00e1s me ayud\u00f3 fue a reflexionar c\u00f3mo la estructura socio-econ\u00f3mica y pol\u00edtica en la que vivimos influye en gran medida en [&hellip;]<\/p>\n","protected":false},"author":1,"featured_media":3910,"comment_status":"open","ping_status":"closed","sticky":false,"template":"","format":"standard","meta":{"_acf_changed":false,"give_campaign_id":0,"_seopress_robots_primary_cat":"","_seopress_titles_title":"","_seopress_titles_desc":"","_seopress_robots_index":"","footnotes":""},"categories":[41],"tags":[],"class_list":["post-3935","post","type-post","status-publish","format-standard","has-post-thumbnail","hentry","category-blog-salud-mental"],"acf":[],"_links":{"self":[{"href":"https:\/\/www.fundacionmanantial.org\/en\/wp-json\/wp\/v2\/posts\/3935","targetHints":{"allow":["GET"]}}],"collection":[{"href":"https:\/\/www.fundacionmanantial.org\/en\/wp-json\/wp\/v2\/posts"}],"about":[{"href":"https:\/\/www.fundacionmanantial.org\/en\/wp-json\/wp\/v2\/types\/post"}],"author":[{"embeddable":true,"href":"https:\/\/www.fundacionmanantial.org\/en\/wp-json\/wp\/v2\/users\/1"}],"replies":[{"embeddable":true,"href":"https:\/\/www.fundacionmanantial.org\/en\/wp-json\/wp\/v2\/comments?post=3935"}],"version-history":[{"count":0,"href":"https:\/\/www.fundacionmanantial.org\/en\/wp-json\/wp\/v2\/posts\/3935\/revisions"}],"wp:featuredmedia":[{"embeddable":true,"href":"https:\/\/www.fundacionmanantial.org\/en\/wp-json\/wp\/v2\/media\/3910"}],"wp:attachment":[{"href":"https:\/\/www.fundacionmanantial.org\/en\/wp-json\/wp\/v2\/media?parent=3935"}],"wp:term":[{"taxonomy":"category","embeddable":true,"href":"https:\/\/www.fundacionmanantial.org\/en\/wp-json\/wp\/v2\/categories?post=3935"},{"taxonomy":"post_tag","embeddable":true,"href":"https:\/\/www.fundacionmanantial.org\/en\/wp-json\/wp\/v2\/tags?post=3935"}],"curies":[{"name":"wp","href":"https:\/\/api.w.org\/{rel}","templated":true}]}}