{"id":3933,"date":"2021-06-02T11:15:32","date_gmt":"2021-06-02T10:15:32","guid":{"rendered":"https:\/\/www.fundacionmanantial.org\/encuentros-de-escucha-espacio-de-terapia-comunitaria\/"},"modified":"2021-06-02T11:15:32","modified_gmt":"2021-06-02T10:15:32","slug":"encuentros-de-escucha-espacio-de-terapia-comunitaria","status":"publish","type":"post","link":"https:\/\/www.fundacionmanantial.org\/en\/encuentros-de-escucha-espacio-de-terapia-comunitaria\/","title":{"rendered":"Encuentros de escucha (espacio de terapia comunitaria)"},"content":{"rendered":"<p style=\"text-align: right;\"><strong><em>\u00a0\u201cSolo reconozco en el otro, aquello que reconozco en m\u00ed\u201d<\/em><\/strong><\/p>\n<p style=\"text-align: right;\"><strong>A. Barreto<\/strong><\/p>\n<p>&nbsp;<\/p>\n<p>Desde el <strong>Centro de D\u00eda \u201cSan Blas\u201d, el Equipo de Apoyo Social Comunitario \u201cBarajas\u201d y el Centro de Rehabilitaci\u00f3n Laboral \u201cSan Blas\u201d<\/strong> nos embarcamos en un <strong>nuevo proyecto<\/strong>, llenas de ilusi\u00f3n:\u00a0 <strong>Encuentros de Escucha<\/strong> (espacio de terapia comunitaria).<\/p>\n<p>La <strong>Terapia Comunitaria Integrativa Sist\u00e9mica<\/strong>, de ahora en adelante TCI, es una metodolog\u00eda para trabajar con grupos de forma horizontal, respetuosa y descolonizadora que tiene como fin <strong>generar transformaciones tanto individuales como colectivas.<\/strong><\/p>\n<p>Surge en la ciudad brasile\u00f1a de Fortaleza de la mano de <strong>Adalberto Barreto<\/strong>, a mediados de los a\u00f1os 80. Bebe de las fuentes de la <strong>Resiliencia, Antropolog\u00eda Cultural, Pedagog\u00eda de Paulo Freire, Pensamiento Sist\u00e9mico, y Pragm\u00e1tica de la comunicaci\u00f3n humana.<\/strong><\/p>\n<p>La TCI, como toda forma de conocimiento, <strong>es una construcci\u00f3n colectiva.<\/strong> Es una pr\u00e1ctica que <strong>posibilita la creaci\u00f3n de redes solidarias, movilizando los recursos y capacidades de las personas, familias y comunidades.<\/strong><\/p>\n<p>Todo esto se hace posible a trav\u00e9s de los <strong>\u201cEncuentros de Escucha\u201d<\/strong>: <strong>encuentros para escuchar y escucharnos, para compartir recursos, experiencias de vida, y encontrar en el relato de otros posibles herramientas para afrontar nuestras dificultades. Transforma los discursos desde lo patol\u00f3gico a lo humano convirti\u00e9ndolas en experiencias valiosas.<\/strong><\/p>\n<p><strong>Estos encuentros permiten:<\/strong><\/p>\n<ul>\n<li>Hacer visible un sufrimiento escondido.<\/li>\n<li>Re-significar la profundidad del dolor o sufrimiento, al descubrir que \u00e9stos son comunes a muchos otros (socializaci\u00f3n del s\u00edntoma).<\/li>\n<li>Salir del sentimiento de soledad y aumentar el repertorio de las diferentes posibilidades de inserci\u00f3n.<\/li>\n<li>Poner en evidencia y legitimar los recursos socio-culturales disponibles en la red.<\/li>\n<li>Respetar las diferencias que se expresan en m\u00faltiples c\u00f3digos de expresi\u00f3n y hacer surgir soluciones y estrategias nuevas.<\/li>\n<li>Aprender a pensar juntos y establecer un espacio de construcci\u00f3n colectiva bajo una forma participativa y democr\u00e1tica.<\/li>\n<li>Reforzar la red de identificaciones que va a entrar en escena despu\u00e9s de la sesi\u00f3n del Encuentro Comunitario.<\/li>\n<li>Reforzar la vida y fortificar las iniciativas ya presentes.<\/li>\n<\/ul>\n<p>La idea de implantar la TCI en dos barrios de Madrid (<strong>San Blas y Barajas<\/strong>) es el poder <strong>unir dos realidades diferentes, el nivel socioecon\u00f3mico y pol\u00edtico.<\/strong> As\u00ed podremos <strong>acercar y transformar de manera igualitaria el sufrimiento humano en capacidades y fortalezas, con el mismo hilo universal: conectamos desde el plano de la emoci\u00f3n que forma parte de la vida y las relaciones humanas. \u201cLas ideas separan, las emociones unen\u201d.<\/strong><\/p>\n<p>Estamos convencidas de que<strong> esta iniciativa servir\u00e1 para mejorar el bienestar de las personas que atendemos, de sus familias y de la comunidad. Ojal\u00e1 que la prevenci\u00f3n y la promoci\u00f3n de la salud sean una preocupaci\u00f3n constante y una obra de todos.<\/strong><\/p>\n<ul>\n<li>Llevaremos a cabo nuestros encuentros los<strong> primeros y terceros jueves de mes a las 16:00 horas a trav\u00e9s de la plataforma Zoom<\/strong>:<\/li>\n<\/ul>\n<p>ID: 828 8920 7535<\/p>\n<p>C\u00f3digo de acceso: 066552<\/p>\n<p style=\"text-align: center;\"><strong>\u00a0Tod@s son bienvenid@s, la participaci\u00f3n es libre y gratuita.<\/strong><\/p>\n<p><img decoding=\"async\" class=\"aligncenter wp-image-15909 size-large\" src=\"https:\/\/elastic-antonelli.5-250-189-237.plesk.page\/\/wp-content\/uploads\/2021\/05\/encuentros-escucha-san-blas-barajas-salud-mental-fundacion-manantial-683x1024.jpg\" alt=\"\" width=\"683\" height=\"1024\" \/><\/p>\n<p><em>Isabel Endeiza (Trabajadora Social del EASC \u201cBarajas\u201d)<\/em><\/p>\n<p><em>Susana Garc\u00eda (Educadora Social del Centro de D\u00eda \u201cSan Blas\u201d)<\/em><\/p>\n<p><em>Rebeca Faulkner (Psic\u00f3loga del CRL \u201cSan Blas\u201d)<\/em><\/p>\n<p>&nbsp;<\/p>\n","protected":false},"excerpt":{"rendered":"<p>\u00a0\u201cSolo reconozco en el otro, aquello que reconozco en m\u00ed\u201d A. Barreto &nbsp; Desde el Centro de D\u00eda \u201cSan Blas\u201d, el Equipo de Apoyo Social Comunitario \u201cBarajas\u201d y el Centro de Rehabilitaci\u00f3n Laboral \u201cSan Blas\u201d nos embarcamos en un nuevo proyecto, llenas de ilusi\u00f3n:\u00a0 Encuentros de Escucha (espacio de terapia comunitaria). La Terapia Comunitaria Integrativa [&hellip;]<\/p>\n","protected":false},"author":1,"featured_media":3934,"comment_status":"open","ping_status":"closed","sticky":false,"template":"","format":"standard","meta":{"_acf_changed":false,"give_campaign_id":0,"_seopress_robots_primary_cat":"","_seopress_titles_title":"","_seopress_titles_desc":"","_seopress_robots_index":"","footnotes":""},"categories":[41],"tags":[654,369,124,605,655,344,656,657,658,85,659,627,194,539,660],"class_list":["post-3933","post","type-post","status-publish","format-standard","has-post-thumbnail","hentry","category-blog-salud-mental","tag-barajas","tag-bienestar","tag-comunidad","tag-comunitaria","tag-dolor","tag-emocional","tag-emociones","tag-encuentros","tag-escucha","tag-fundacion-manantial","tag-roles","tag-san-blas","tag-sufrimiento","tag-terapia","tag-terapia-comunitaria-integrativa-sistemica"],"acf":[],"_links":{"self":[{"href":"https:\/\/www.fundacionmanantial.org\/en\/wp-json\/wp\/v2\/posts\/3933","targetHints":{"allow":["GET"]}}],"collection":[{"href":"https:\/\/www.fundacionmanantial.org\/en\/wp-json\/wp\/v2\/posts"}],"about":[{"href":"https:\/\/www.fundacionmanantial.org\/en\/wp-json\/wp\/v2\/types\/post"}],"author":[{"embeddable":true,"href":"https:\/\/www.fundacionmanantial.org\/en\/wp-json\/wp\/v2\/users\/1"}],"replies":[{"embeddable":true,"href":"https:\/\/www.fundacionmanantial.org\/en\/wp-json\/wp\/v2\/comments?post=3933"}],"version-history":[{"count":0,"href":"https:\/\/www.fundacionmanantial.org\/en\/wp-json\/wp\/v2\/posts\/3933\/revisions"}],"wp:featuredmedia":[{"embeddable":true,"href":"https:\/\/www.fundacionmanantial.org\/en\/wp-json\/wp\/v2\/media\/3934"}],"wp:attachment":[{"href":"https:\/\/www.fundacionmanantial.org\/en\/wp-json\/wp\/v2\/media?parent=3933"}],"wp:term":[{"taxonomy":"category","embeddable":true,"href":"https:\/\/www.fundacionmanantial.org\/en\/wp-json\/wp\/v2\/categories?post=3933"},{"taxonomy":"post_tag","embeddable":true,"href":"https:\/\/www.fundacionmanantial.org\/en\/wp-json\/wp\/v2\/tags?post=3933"}],"curies":[{"name":"wp","href":"https:\/\/api.w.org\/{rel}","templated":true}]}}