{"id":3929,"date":"2021-05-11T06:56:24","date_gmt":"2021-05-11T05:56:24","guid":{"rendered":"https:\/\/www.fundacionmanantial.org\/compartir-emociones-y-vivencias-junto-a-fundacion-arraigo\/"},"modified":"2021-05-11T06:56:24","modified_gmt":"2021-05-11T05:56:24","slug":"compartir-emociones-y-vivencias-junto-a-fundacion-arraigo","status":"publish","type":"post","link":"https:\/\/www.fundacionmanantial.org\/en\/compartir-emociones-y-vivencias-junto-a-fundacion-arraigo\/","title":{"rendered":"Compartir emociones y vivencias, junto a Fundaci\u00f3n Arraigo"},"content":{"rendered":"<p>La <strong>colaboraci\u00f3n entre\u00a0<a href=\"https:\/\/fundacionarraigo.org\/\" target=\"_blank\" rel=\"noopener\">Fundaci\u00f3n Arraigo<\/a><\/strong> y el\u00a0<strong>Centro de Rehabilitaci\u00f3n Laboral &#8220;Parla&#8221;<\/strong>\u00a0se ha realizado entre los meses de febrero y abril de este mismo a\u00f1o. Han sido una serie de <strong>visitas para conversar con las mujeres usuarias<\/strong> de este espacio e ir preparando, de manera conjunta, las sesiones que se han realizado.<\/p>\n<p>Los temas tratados fueron aportados por las mujeres participantes, ya que nos interesaba saber qu\u00e9 temas deseaban y\/o necesitaban abordar. <strong>Junto a ellas, construimos un espacio en el que compartir nuestras dudas, emociones y vivencias. <\/strong><\/p>\n<p>Trabajamos aspectos relacionados con las situaciones que est\u00e1n teniendo lugar en este momento, como las <strong>consecuencias en la cotidianidad del desempleo, la vivienda, la soledad, la maternidad, el duelo, el duelo migratorio,<\/strong>\u2026 <strong>y c\u00f3mo estas est\u00e1n atravesadas por el hecho de ser mujer.<\/strong> Tambi\u00e9n se hizo hincapi\u00e9 en <strong>c\u00f3mo acceder a los recursos y las redes de cuidado<\/strong> que est\u00e1n en la zona (vecinales, Espacio de Igualdad, etc.).<\/p>\n<p><strong>El grupo de mujeres ha sido muy heterog\u00e9neo<\/strong>, tanto en edad como culturalmente hablando, formas de vida, estructuras familiares, arraigo,\u2026 <strong>La generosidad de estas mujeres ha facilitado el espacio de construcci\u00f3n com\u00fan y la riqueza de estos encuentros.<\/strong><\/p>\n<p><em>Rebeca y Sole. Centro de Rehabilitaci\u00f3n Laboral &#8220;Parla&#8221;<\/em><\/p>\n<p>&nbsp;<\/p>\n<p>Noticias relacionadas<\/p>\n<p>https:\/\/elastic-antonelli.5-250-189-237.plesk.page\/sala-de-prensa\/fundacion-arraigo-y-fundacion-manantial-firman-un-convenio-de-colaboracion\/<\/p>\n","protected":false},"excerpt":{"rendered":"<p>La colaboraci\u00f3n entre\u00a0Fundaci\u00f3n Arraigo y el\u00a0Centro de Rehabilitaci\u00f3n Laboral &#8220;Parla&#8221;\u00a0se ha realizado entre los meses de febrero y abril de este mismo a\u00f1o. Han sido una serie de visitas para conversar con las mujeres usuarias de este espacio e ir preparando, de manera conjunta, las sesiones que se han realizado. Los temas tratados fueron aportados [&hellip;]<\/p>\n","protected":false},"author":1,"featured_media":3930,"comment_status":"open","ping_status":"closed","sticky":false,"template":"","format":"standard","meta":{"_acf_changed":false,"give_campaign_id":0,"_seopress_robots_primary_cat":"","_seopress_titles_title":"","_seopress_titles_desc":"","_seopress_robots_index":"","footnotes":""},"categories":[41],"tags":[644,645,646,99,504,64,144,647,128],"class_list":["post-3929","post","type-post","status-publish","format-standard","has-post-thumbnail","hentry","category-blog-salud-mental","tag-arraigo","tag-duelo","tag-inmigracion","tag-maternidad","tag-mujeres","tag-recuperacion","tag-soledad","tag-vivencias","tag-vivienda"],"acf":[],"_links":{"self":[{"href":"https:\/\/www.fundacionmanantial.org\/en\/wp-json\/wp\/v2\/posts\/3929","targetHints":{"allow":["GET"]}}],"collection":[{"href":"https:\/\/www.fundacionmanantial.org\/en\/wp-json\/wp\/v2\/posts"}],"about":[{"href":"https:\/\/www.fundacionmanantial.org\/en\/wp-json\/wp\/v2\/types\/post"}],"author":[{"embeddable":true,"href":"https:\/\/www.fundacionmanantial.org\/en\/wp-json\/wp\/v2\/users\/1"}],"replies":[{"embeddable":true,"href":"https:\/\/www.fundacionmanantial.org\/en\/wp-json\/wp\/v2\/comments?post=3929"}],"version-history":[{"count":0,"href":"https:\/\/www.fundacionmanantial.org\/en\/wp-json\/wp\/v2\/posts\/3929\/revisions"}],"wp:featuredmedia":[{"embeddable":true,"href":"https:\/\/www.fundacionmanantial.org\/en\/wp-json\/wp\/v2\/media\/3930"}],"wp:attachment":[{"href":"https:\/\/www.fundacionmanantial.org\/en\/wp-json\/wp\/v2\/media?parent=3929"}],"wp:term":[{"taxonomy":"category","embeddable":true,"href":"https:\/\/www.fundacionmanantial.org\/en\/wp-json\/wp\/v2\/categories?post=3929"},{"taxonomy":"post_tag","embeddable":true,"href":"https:\/\/www.fundacionmanantial.org\/en\/wp-json\/wp\/v2\/tags?post=3929"}],"curies":[{"name":"wp","href":"https:\/\/api.w.org\/{rel}","templated":true}]}}