{"id":3928,"date":"2021-05-19T06:00:26","date_gmt":"2021-05-19T05:00:26","guid":{"rendered":"https:\/\/www.fundacionmanantial.org\/terapia-integrativa-comunitaria\/"},"modified":"2021-05-19T06:00:26","modified_gmt":"2021-05-19T05:00:26","slug":"terapia-integrativa-comunitaria","status":"publish","type":"post","link":"https:\/\/www.fundacionmanantial.org\/en\/terapia-integrativa-comunitaria\/","title":{"rendered":"&#8220;Terapia Integrativa Comunitaria&#8221;"},"content":{"rendered":"<p>El <strong>curso de Terapia Integrativa Comunitaria<\/strong> ha sido como un soplo de aire del sur. De <strong>ese que te despeja y se lleva los <em>Esques. <\/em><\/strong>Digo los <em>Esques <\/em>porque desde el trabajo en los recursos muchas veces nos enganchamos con los <em>esques<\/em> a la hora de trabajar desde lo comunitario: <strong>nos confundimos, nos enredamos y ponemos el ojo en todos los obst\u00e1culos sin poner en el foco todas las posibilidades.<\/strong><\/p>\n<p>Creo que lo que m\u00e1s me ha gustado es esta provocaci\u00f3n cuidadosa y a la vez atrevida de decirnos todo lo que s\u00ed se puede hacer, desde elementos tan esenciales como la palabra, la escucha, el compartir emociones y preocupaciones comunes. Sin duda, otra cosa que me ha fascinado es <strong>poner en valor la cultura popular, la m\u00fasica, la poes\u00eda y todo el arte al servicio de la comprensi\u00f3n humana<\/strong>. Sobre todo, porque <strong>resulta mucho m\u00e1s f\u00e1cil acercarse\u00a0a los otros a trav\u00e9s del lenguaje sentipensante del arte, dejarnos afectar y trasmitir tambi\u00e9n ese afecto.<\/strong><\/p>\n<p>Tengo que reconocer que inicialmente no eleg\u00ed la formaci\u00f3n porque <strong>muchas veces la palabra \u201cTerapia\u201d me produce \u201cun no s\u00e9 qu\u00e9\u201d que me hace dudar.<\/strong> Agradezco a quien me la recomend\u00f3 y me inst\u00f3 a que investigara para que ese \u201cno s\u00e9 qu\u00e9\u201d se desvaneciera. Sobre todo, porque esa duda se difumin\u00f3 cuando conoc\u00ed en la pr\u00e1ctica c\u00f3mo son las rondas y <strong>c\u00f3mo se pone el foco en compartir los recursos personales al servicio de lo com\u00fan, sin que existan unos saberes m\u00e1s expertos que otros, sin juicios, ni consejos<\/strong> y con la sencilla y chocante premisa de que lo que se comparte no va a ser confidencial, ni se va a tratar en un grupo cerrado, ni reducido,\u00a0 porque tampoco requiere que as\u00ed sea <strong>compartir malestares que son humanos y que forman parte de la existencia<\/strong>.<\/p>\n<p>Sin duda, <strong>naturalizar todo esto me ha hecho<\/strong>, como dicen ahora, <strong>un <em>boom<\/em> en la cabeza, tanto en el aspecto profesional como en el personal<\/strong>. Puede parecer una aberraci\u00f3n ser educadora social y considerarse algo herm\u00e9tica a la hora de compartir pesares o inquietudes. Por eso, <strong>cuando un d\u00eda a las cuatro de la tarde en una din\u00e1mica aparec\u00eda la pregunta <em>\u00bfCu\u00e1l es tu herida?<\/em> Casi me caigo de la silla.<\/strong> Creo que esa ventolera tambi\u00e9n <strong>ha sido muy \u00fatil para recolocarme y pensar lo dif\u00edciles, incluso inc\u00f3modas, que pueden ser esas preguntas cuando solo tienen una direcci\u00f3n posible.<\/strong> Y, al mismo tiempo, tambi\u00e9n <strong>descubrir lo importante que es saberse humano y vulnerable, y c\u00f3mo esa vulnerabilidad puede fortalecerse en comuni\u00f3n con los otros.<\/strong><\/p>\n<p>En definitiva, que <strong>agradezco a las formadoras (M\u00f3nica Rosenblum y Florencia Oks) su entusiasmo y que hayan sabido ponernos en el quehacer, en la pr\u00e1ctica y en la reflexi\u00f3n<\/strong>. Y para no ser una ingrata, doy las gracias porque se haya hecho un <strong>esfuerzo por mantener la formaci\u00f3n interna a pesar de la fastidiosa pandemia y que esto nos haya tra\u00eddo la suerte de compartir un espacio de aprendizaje con gentes del otro lado del charco y con las compa\u00f1eras de Madrid, que sin duda ahora siento m\u00e1s cerca.<\/strong><\/p>\n<p><em>Mar\u00eda Jos\u00e9 Palomares Onrubia,\u00a0Centro de Rehabilitaci\u00f3n e Integraci\u00f3n Social &#8220;La Ribera&#8221; (Carcaixent)<\/em><\/p>\n<p>#CompartiendoConocimiento<\/p>\n<p>&nbsp;<\/p>\n","protected":false},"excerpt":{"rendered":"<p>El curso de Terapia Integrativa Comunitaria ha sido como un soplo de aire del sur. De ese que te despeja y se lleva los Esques. Digo los Esques porque desde el trabajo en los recursos muchas veces nos enganchamos con los esques a la hora de trabajar desde lo comunitario: nos confundimos, nos enredamos y [&hellip;]<\/p>\n","protected":false},"author":1,"featured_media":3910,"comment_status":"open","ping_status":"closed","sticky":false,"template":"","format":"standard","meta":{"_acf_changed":false,"give_campaign_id":0,"_seopress_robots_primary_cat":"","_seopress_titles_title":"","_seopress_titles_desc":"","_seopress_robots_index":"","footnotes":""},"categories":[41],"tags":[626,605,84,85,642,643,215,65,539,152],"class_list":["post-3928","post","type-post","status-publish","format-standard","has-post-thumbnail","hentry","category-blog-salud-mental","tag-compartir","tag-comunitaria","tag-formacion","tag-fundacion-manantial","tag-malestares","tag-quehacer","tag-reflexion","tag-salud-mental","tag-terapia","tag-trabajo"],"acf":[],"_links":{"self":[{"href":"https:\/\/www.fundacionmanantial.org\/en\/wp-json\/wp\/v2\/posts\/3928","targetHints":{"allow":["GET"]}}],"collection":[{"href":"https:\/\/www.fundacionmanantial.org\/en\/wp-json\/wp\/v2\/posts"}],"about":[{"href":"https:\/\/www.fundacionmanantial.org\/en\/wp-json\/wp\/v2\/types\/post"}],"author":[{"embeddable":true,"href":"https:\/\/www.fundacionmanantial.org\/en\/wp-json\/wp\/v2\/users\/1"}],"replies":[{"embeddable":true,"href":"https:\/\/www.fundacionmanantial.org\/en\/wp-json\/wp\/v2\/comments?post=3928"}],"version-history":[{"count":0,"href":"https:\/\/www.fundacionmanantial.org\/en\/wp-json\/wp\/v2\/posts\/3928\/revisions"}],"wp:featuredmedia":[{"embeddable":true,"href":"https:\/\/www.fundacionmanantial.org\/en\/wp-json\/wp\/v2\/media\/3910"}],"wp:attachment":[{"href":"https:\/\/www.fundacionmanantial.org\/en\/wp-json\/wp\/v2\/media?parent=3928"}],"wp:term":[{"taxonomy":"category","embeddable":true,"href":"https:\/\/www.fundacionmanantial.org\/en\/wp-json\/wp\/v2\/categories?post=3928"},{"taxonomy":"post_tag","embeddable":true,"href":"https:\/\/www.fundacionmanantial.org\/en\/wp-json\/wp\/v2\/tags?post=3928"}],"curies":[{"name":"wp","href":"https:\/\/api.w.org\/{rel}","templated":true}]}}