{"id":3918,"date":"2021-06-27T19:00:05","date_gmt":"2021-06-27T18:00:05","guid":{"rendered":"https:\/\/www.fundacionmanantial.org\/proyecto-de-investigacion-empleo-y-bienestar-emocional\/"},"modified":"2021-06-27T19:00:05","modified_gmt":"2021-06-27T18:00:05","slug":"proyecto-de-investigacion-empleo-y-bienestar-emocional","status":"publish","type":"post","link":"https:\/\/www.fundacionmanantial.org\/en\/proyecto-de-investigacion-empleo-y-bienestar-emocional\/","title":{"rendered":"Proyecto de investigaci\u00f3n &#8220;Empleo y bienestar emocional&#8221;"},"content":{"rendered":"<p>La <strong>Unidad de Apoyo a la Investigaci\u00f3n de Fundaci\u00f3n Manantial<\/strong> tiene por objetivo el <strong>desarrollo de l\u00edneas de investigaci\u00f3n que nos ayuden en nuestro trabajo diario.<\/strong><\/p>\n<p>Uno de los proyectos de mayor importancia en los que ha participado la UAI es el <strong>estudio sobre la relaci\u00f3n entre el empleo y el estado emocional.<\/strong> <strong>El empleo es un pilar fundamental del proceso de integraci\u00f3n social y del ideario de Fundaci\u00f3n Manantial.<\/strong><\/p>\n<p>Este estudio sobre la relaci\u00f3n entre el empleo y el estado emocional pretende profundizar en la <strong>relaci\u00f3n rec\u00edproca entre la presencia o no de empleo y el estado emocional.<\/strong><\/p>\n<p><strong>En el a\u00f1o 2019 completamos la primera fase del estudio.<\/strong> <strong>En esta primera fase, participasteis, entre profesionales y usuarios, un total de 744 personas.<\/strong> De los 744 participantes, <strong>el 77.6% tuvieron empleo remunerado<\/strong> (de los cuales el tuvieron 61% empleo ordinario y 29% tuvieron empleo protegido). <strong>Las personas con empleo tuvieron mejores valores de bienestar psicol\u00f3gico subjetivo que las personas sin empleo, independientemente del diagn\u00f3stico cl\u00ednica o presencia o no de la discapacidad.<\/strong> Sin embargo,<strong> no hubo diferencias significativas en bienestar psicol\u00f3gico subjetivo entre las personas con empleo ordinario y con empleo protegido.<\/strong><\/p>\n<p>Aqu\u00ed pod\u00e9is ver un <strong>gr\u00e1fico que resume los principales resultados de estudio<\/strong>.<\/p>\n<p><img decoding=\"async\" class=\"alignnone size-full wp-image-15997\" src=\"https:\/\/elastic-antonelli.5-250-189-237.plesk.page\/\/wp-content\/uploads\/2021\/06\/grafico-uai.jpg\" alt=\"\" width=\"784\" height=\"466\" \/><\/p>\n<p>Este estudio <strong>permite concluir que las personas con empleo remunerado tuvieron mayor bienestar psicol\u00f3gico subjetivo que las personas sin empleo, independientemente del diagn\u00f3stico, de la discapacidad o de que el empleo fuera ordinario o protegido.<\/strong><\/p>\n<p>Sin embargo, <strong>esta primera fase del estudio no ha permitido conocer la direcci\u00f3n de la relaci\u00f3n entre el empleo y el estado emocional.<\/strong> Es decir, <strong>no hemos podido responder a la pregunta de si las personas con empleo tienen un mayor bienestar psicol\u00f3gico porque tienen empleo, o tienen empleo porque su bienestar psicol\u00f3gico es mayor o ambos (bienestar psicol\u00f3gico y empleo) se influyen mutuamente.<\/strong><\/p>\n<p>Para dar respuesta a esta pregunta, <strong>estamos preparando una fase 2 del estudio, que realizaremos en oto\u00f1o de este a\u00f1o 2021.<\/strong> En esta fase 2 <strong>es muy importante que particip\u00e9is quienes ya participasteis en la fase 1, pero tambi\u00e9n es muy importante que particip\u00e9is aquellos y aquellas que no participasteis en la fase 1.<\/strong><\/p>\n<p>Os agradecemos mucho vuestra atenci\u00f3n y vuestra colaboraci\u00f3n.<\/p>\n<p><em>Unidad de Apoyo a la Investigaci\u00f3n (UAI) de Fundaci\u00f3n Manantial<\/em><\/p>\n<p>&nbsp;<\/p>\n<p>&nbsp;<\/p>\n","protected":false},"excerpt":{"rendered":"<p>La Unidad de Apoyo a la Investigaci\u00f3n de Fundaci\u00f3n Manantial tiene por objetivo el desarrollo de l\u00edneas de investigaci\u00f3n que nos ayuden en nuestro trabajo diario. Uno de los proyectos de mayor importancia en los que ha participado la UAI es el estudio sobre la relaci\u00f3n entre el empleo y el estado emocional. El empleo [&hellip;]<\/p>\n","protected":false},"author":1,"featured_media":3919,"comment_status":"open","ping_status":"closed","sticky":false,"template":"","format":"standard","meta":{"_acf_changed":false,"give_campaign_id":0,"_seopress_robots_primary_cat":"","_seopress_titles_title":"","_seopress_titles_desc":"","_seopress_robots_index":"","footnotes":""},"categories":[41],"tags":[],"class_list":["post-3918","post","type-post","status-publish","format-standard","has-post-thumbnail","hentry","category-blog-salud-mental"],"acf":[],"_links":{"self":[{"href":"https:\/\/www.fundacionmanantial.org\/en\/wp-json\/wp\/v2\/posts\/3918","targetHints":{"allow":["GET"]}}],"collection":[{"href":"https:\/\/www.fundacionmanantial.org\/en\/wp-json\/wp\/v2\/posts"}],"about":[{"href":"https:\/\/www.fundacionmanantial.org\/en\/wp-json\/wp\/v2\/types\/post"}],"author":[{"embeddable":true,"href":"https:\/\/www.fundacionmanantial.org\/en\/wp-json\/wp\/v2\/users\/1"}],"replies":[{"embeddable":true,"href":"https:\/\/www.fundacionmanantial.org\/en\/wp-json\/wp\/v2\/comments?post=3918"}],"version-history":[{"count":0,"href":"https:\/\/www.fundacionmanantial.org\/en\/wp-json\/wp\/v2\/posts\/3918\/revisions"}],"wp:featuredmedia":[{"embeddable":true,"href":"https:\/\/www.fundacionmanantial.org\/en\/wp-json\/wp\/v2\/media\/3919"}],"wp:attachment":[{"href":"https:\/\/www.fundacionmanantial.org\/en\/wp-json\/wp\/v2\/media?parent=3918"}],"wp:term":[{"taxonomy":"category","embeddable":true,"href":"https:\/\/www.fundacionmanantial.org\/en\/wp-json\/wp\/v2\/categories?post=3918"},{"taxonomy":"post_tag","embeddable":true,"href":"https:\/\/www.fundacionmanantial.org\/en\/wp-json\/wp\/v2\/tags?post=3918"}],"curies":[{"name":"wp","href":"https:\/\/api.w.org\/{rel}","templated":true}]}}