{"id":3914,"date":"2021-06-01T06:17:59","date_gmt":"2021-06-01T05:17:59","guid":{"rendered":"https:\/\/www.fundacionmanantial.org\/guia-senderismo-para-todos-2\/"},"modified":"2021-06-01T06:17:59","modified_gmt":"2021-06-01T05:17:59","slug":"guia-senderismo-para-todos-2","status":"publish","type":"post","link":"https:\/\/www.fundacionmanantial.org\/en\/guia-senderismo-para-todos-2\/","title":{"rendered":"Gu\u00eda \u201cSenderismo para todos\u201d"},"content":{"rendered":"<p><strong>\u00bfUna gu\u00eda de senderismo que nace desde una entidad de atenci\u00f3n a la Salud Mental?<\/strong><\/p>\n<p>Esa es la pregunta que surge cuando tienes esta nueva gu\u00eda en las manos.<\/p>\n<p>Todo empez\u00f3 en el a\u00f1o 2009, cuando animados por <strong>promover el deporte y la vida saludable<\/strong>, desde el servicio de Ocio de la entidad contactamos con <strong>Florencio Velasco<\/strong>, experto en medio ambiente, que ya hab\u00eda colaborado con anterioridad en Manantial organizando clases de Judo.<\/p>\n<p>Buscamos los medios, los lugares y la compa\u00f1\u00eda de profesionales de Manantial\u00a0 para que las <strong>rutas<\/strong> que realiz\u00e1ramos fueran lo m\u00e1s <strong>accesibles y asequibles<\/strong> posibles, <strong>en entornos no masificados, con posibilidad de llegar en veh\u00edculo desde varias opciones, con lugares de inter\u00e9s cultural en las inmediaciones y que se pudiera ir y venir en el d\u00eda.<\/strong> Adem\u00e1s, valoramos que deb\u00edan ser grupos reducidos para poder disfrutar del entorno y que las comidas deber\u00edan ser tipo picnic en pleno campo (con la colaboraci\u00f3n del <a href=\"https:\/\/elastic-antonelli.5-250-189-237.plesk.page\/empleo\/\" target=\"_blank\" rel=\"noopener\">Centro Especial de Empleo Manantial Integra<\/a>).<\/p>\n<p>Parar poder participar en estas rutas, solo se deber\u00edan tener <strong>dos requisitos: ser capaces de caminar la distancia que se propone y tener ganas de disfrutar de la naturaleza en compa\u00f1\u00eda de otras personas.<\/strong><\/p>\n<p>As\u00ed, casi sin darnos cuenta, <strong>hemos realizado todos los meses durante m\u00e1s de 10 a\u00f1os rutas diferentes, adecuadas para cualquiera que desee iniciarse en el senderismo y que nos han reportado much\u00edsimas alegr\u00edas.<\/strong> Personas que han encontrado en estas salidas <strong>una v\u00eda de escape<\/strong>, otras que han ido <strong>equip\u00e1ndose para seguir disfrutando de esta hermosa actividad deportiva<\/strong>; hay quien incluso <strong>ha dejado de fumar y ha recuperado su figura ya olvidada<\/strong>. <strong>Y mucha compenetraci\u00f3n, risas, y amistades.<\/strong><\/p>\n<p>Por ejemplo, <strong>Pascual, uno de los habituales<\/strong>, nos comenta:<\/p>\n<p>\u201c<em>Hago senderismo porque me gusta la naturaleza y estar en contacto con ella, te olvidas de los problemas y los malos rollos. Conoces gente de tus mismos intereses y pasas un d\u00eda entretenido\u201d.<\/em><\/p>\n<p>Otras personas participantes dicen, literalmente: <em>\u201cEl paisaje, impresionante\u201d, \u201cMe gust\u00f3 mucho el picnic, los animales y el trato con la gente\u201d, \u201cLo que m\u00e1s me ha gustado de la actividad es subir a la monta\u00f1a y los paisajes\u201d, \u201cLa compa\u00f1\u00eda\u201d, \u201cLos caminos\u201d.<\/em><\/p>\n<p>Nos dimos cuenta de que <strong>todas estas actividades son un material muy valioso<\/strong> y que podr\u00edan<strong> recogerse en un documento que fuera muy \u00fatil y pr\u00e1ctico,<\/strong> <strong>tanto para personas que se quieran iniciar a caminar por entornos naturales, como para profesionales y\/o entidades que deseen organizar actividades en grupo.<\/strong><\/p>\n<p>Para poder elaborar la Gu\u00eda, pensamos que tendr\u00eda que ser <strong>muy sencilla de manejar,<\/strong> dado que la persona que la cogiera es posible que no hubiera tenido nunca una en sus manos. As\u00ed que optamos por <strong>ilustrarla con multitud de fotograf\u00edas de los senderos<\/strong> que deb\u00edamos transitar e <strong>indicaciones sobre las im\u00e1genes<\/strong> <strong>para que fuera a\u00fan m\u00e1s accesible<\/strong>. Adem\u00e1s, complementamos esta informaci\u00f3n con <strong>puntos kilom\u00e9tricos exactos<\/strong> y distancia en metros medido sobre el terreno. En todo este proceso, <strong>nos pareci\u00f3 importante que las personas con problemas de salud mental beneficiarios habituales de la gu\u00eda participaran y fueron ellos mismos los que colaboraron en la captura de las fotograf\u00edas y en la medici\u00f3n de dichas distancias<\/strong>. Consideramos igualmente que es un<strong> libro de campo,<\/strong> y que por tanto tendr\u00eda que estar impreso y armado de manera contundente. Aunque tambi\u00e9n pensamos que <strong>llevarla en el m\u00f3vil o tablet<\/strong> es una opci\u00f3n muy adecuada y la digitalizamos con su <strong>\u00edndice interactivo<\/strong>.<\/p>\n<p><img decoding=\"async\" class=\"alignnone size-full wp-image-15733\" src=\"https:\/\/elastic-antonelli.5-250-189-237.plesk.page\/\/wp-content\/uploads\/2021\/04\/Guia-senderismo-Manantial-interior.jpg\" alt=\"\" width=\"4000\" height=\"2584\" \/><\/p>\n<p>As\u00ed, nos encontramos con <strong>una gu\u00eda especial, muy pr\u00e1ctica, duradera<\/strong>, <strong>en la que han participado beneficiarios de Fundaci\u00f3n Manantial y que promueve el senderismo, una actividad altamente indicada para promover la vida saludable y poder disfrutar de Madrid y sus alrededores.<\/strong><\/p>\n<p><strong>Animamos a todas las personas a utilizarla, a descargarla, a darle la m\u00e1xima difusi\u00f3n posible y a promover sus valores de protecci\u00f3n del medio natural, deportivos y de complicidad con los compa\u00f1er@s de ruta.<\/strong><\/p>\n<p>Contacto:\u00a0<a href=\"mailto:voluntariado@fundacionmanantial.org\">voluntariado@fundacionmanantial.org<\/a>\u00a0\/\u00a0915130242<\/p>\n<p style=\"text-align: center;\"><strong><a class=\"btn btn-primary\" href=\"https:\/\/elastic-antonelli.5-250-189-237.plesk.page\/formulario-descarga-guia-senderismo\/\" target=\"_blank\" rel=\"noopener\">Accede y descarga la Gu\u00eda de senderismo interactiva<\/a><\/strong><\/p>\n<p>&nbsp;<\/p>\n","protected":false},"excerpt":{"rendered":"<p>\u00bfUna gu\u00eda de senderismo que nace desde una entidad de atenci\u00f3n a la Salud Mental? Esa es la pregunta que surge cuando tienes esta nueva gu\u00eda en las manos. Todo empez\u00f3 en el a\u00f1o 2009, cuando animados por promover el deporte y la vida saludable, desde el servicio de Ocio de la entidad contactamos con [&hellip;]<\/p>\n","protected":false},"author":1,"featured_media":3915,"comment_status":"open","ping_status":"closed","sticky":false,"template":"","format":"standard","meta":{"_acf_changed":false,"give_campaign_id":0,"_seopress_robots_primary_cat":"","_seopress_titles_title":"","_seopress_titles_desc":"","_seopress_robots_index":"","footnotes":""},"categories":[41],"tags":[67,617,55,618,619,620,621,611,622,367,114,68,70,72,623,624],"class_list":["post-3914","post","type-post","status-publish","format-standard","has-post-thumbnail","hentry","category-blog-salud-mental","tag-accesible","tag-actividades","tag-covid","tag-descarga","tag-entorno-natural","tag-facil","tag-familias","tag-grupo","tag-interactiva","tag-madrid","tag-medio-ambiente","tag-naturaleza","tag-rutas","tag-senderismo","tag-senderos","tag-vida-saludable"],"acf":[],"_links":{"self":[{"href":"https:\/\/www.fundacionmanantial.org\/en\/wp-json\/wp\/v2\/posts\/3914","targetHints":{"allow":["GET"]}}],"collection":[{"href":"https:\/\/www.fundacionmanantial.org\/en\/wp-json\/wp\/v2\/posts"}],"about":[{"href":"https:\/\/www.fundacionmanantial.org\/en\/wp-json\/wp\/v2\/types\/post"}],"author":[{"embeddable":true,"href":"https:\/\/www.fundacionmanantial.org\/en\/wp-json\/wp\/v2\/users\/1"}],"replies":[{"embeddable":true,"href":"https:\/\/www.fundacionmanantial.org\/en\/wp-json\/wp\/v2\/comments?post=3914"}],"version-history":[{"count":0,"href":"https:\/\/www.fundacionmanantial.org\/en\/wp-json\/wp\/v2\/posts\/3914\/revisions"}],"wp:featuredmedia":[{"embeddable":true,"href":"https:\/\/www.fundacionmanantial.org\/en\/wp-json\/wp\/v2\/media\/3915"}],"wp:attachment":[{"href":"https:\/\/www.fundacionmanantial.org\/en\/wp-json\/wp\/v2\/media?parent=3914"}],"wp:term":[{"taxonomy":"category","embeddable":true,"href":"https:\/\/www.fundacionmanantial.org\/en\/wp-json\/wp\/v2\/categories?post=3914"},{"taxonomy":"post_tag","embeddable":true,"href":"https:\/\/www.fundacionmanantial.org\/en\/wp-json\/wp\/v2\/tags?post=3914"}],"curies":[{"name":"wp","href":"https:\/\/api.w.org\/{rel}","templated":true}]}}