{"id":3903,"date":"2021-03-12T16:23:41","date_gmt":"2021-03-12T15:23:41","guid":{"rendered":"https:\/\/www.fundacionmanantial.org\/las-mujeres-mas-importantes-de-mi-vida-8m-en-torrejon\/"},"modified":"2021-03-12T16:23:41","modified_gmt":"2021-03-12T15:23:41","slug":"las-mujeres-mas-importantes-de-mi-vida-8m-en-torrejon","status":"publish","type":"post","link":"https:\/\/www.fundacionmanantial.org\/en\/las-mujeres-mas-importantes-de-mi-vida-8m-en-torrejon\/","title":{"rendered":"&#8220;Las mujeres m\u00e1s importantes de mi vida&#8221;. #8M en Torrej\u00f3n"},"content":{"rendered":"<p>Con motivo de la celebraci\u00f3n del <strong>D\u00eda de la Mujer el 8 de marzo<\/strong>, desde los Centros de Atenci\u00f3n Social de Torrej\u00f3n se llev\u00f3 a cabo <strong>una acci\u00f3n de participaci\u00f3n comunitaria.<\/strong><\/p>\n<p>Como en otras ocasiones, dispusimos\u00a0de un cartel donde bajo el lema &#8220;<strong>Las mujeres m\u00e1s importantes de mi vida<\/strong>&#8220;, se animaba a la participaci\u00f3n ciudadana y de quienes acudimos a los recursos.<\/p>\n<p><img decoding=\"async\" class=\"size-full wp-image-15516 aligncenter\" src=\"https:\/\/elastic-antonelli.5-250-189-237.plesk.page\/\/wp-content\/uploads\/2021\/03\/83-mural.jpg\" alt=\"\" width=\"571\" height=\"382\" \/><\/p>\n<p>Dicha<strong> participaci\u00f3n se pod\u00eda realizar de manera presencial el 8 de marzo<\/strong>, y adem\u00e1s durante los d\u00edas previos\u00a0se recogi\u00f3 la participaci\u00f3n de manera online, <strong>rellenando un cuestionario a trav\u00e9s de un c\u00f3digo QR<\/strong> que, adem\u00e1s de en la <strong>carteler\u00eda expuesta en la Vitrina de los Recursos de Torrej\u00f3n y \u00a0en los comercios del barrio, se difundi\u00f3 a trav\u00e9s de redes sociales.<\/strong> <strong>La participaci\u00f3n a trav\u00e9s del c\u00f3digo QR ha sido m\u00e1s elevada que en otras ocasiones,<\/strong> recibiendo mayor n\u00famero de respuestas a trav\u00e9s de los cuestionarios online.<\/p>\n<p><img decoding=\"async\" class=\"alignnone size-full wp-image-15514\" src=\"https:\/\/elastic-antonelli.5-250-189-237.plesk.page\/\/wp-content\/uploads\/2021\/03\/83-mujeres.jpg\" alt=\"\" width=\"571\" height=\"382\" \/><\/p>\n<p>Durante la ma\u00f1ana del 8 de marzo expusimos el <strong>cartel con im\u00e1genes de mujeres importantes de la historia en distintos\u00a0\u00e1mbitos<\/strong> (cine, poes\u00eda, m\u00fasica, ciencia,&#8230;), y <strong>se animaba a la participaci\u00f3n de las personas del barrio, el alumnado que acude a los\u00a0centros cercanos, etc.<\/strong><\/p>\n<p><img decoding=\"async\" class=\"alignnone size-full wp-image-15510\" src=\"https:\/\/elastic-antonelli.5-250-189-237.plesk.page\/\/wp-content\/uploads\/2021\/03\/83-cartel.jpg\" alt=\"\" width=\"571\" height=\"382\" \/><\/p>\n<p>Una vez m\u00e1s, <strong>gracias<\/strong> al equipo promotor, a la colaboraci\u00f3n tanto de todos los equipos del centro como de los y las usuarias que hicieron que este d\u00eda fuera un poquito menos raro e igual de especial que en otras ocasiones, a pesar de las limitaciones sanitarias con las\u00a0que convivimos.<\/p>\n<p><img decoding=\"async\" class=\"alignnone size-full wp-image-15512\" src=\"https:\/\/elastic-antonelli.5-250-189-237.plesk.page\/\/wp-content\/uploads\/2021\/03\/83-mujer.jpg\" alt=\"\" width=\"571\" height=\"382\" \/><\/p>\n<p>Os invitamos a escuchar el <strong><a href=\"https:\/\/www.ivoox.com\/radio-oximoron-programa-dedicado-al-dia-la-audios-mp3_rf_66632473_1.html\" target=\"_blank\" rel=\"noopener\">programa de radio de las compa\u00f1eras de &#8220;Radio Ox\u00edmoron&#8221;<\/a><\/strong>, que este d\u00eda tuvo como protagonistas a las mujeres de los recursos de Torrej\u00f3n.<\/p>\n<p>&nbsp;<\/p>\n","protected":false},"excerpt":{"rendered":"<p>Con motivo de la celebraci\u00f3n del D\u00eda de la Mujer el 8 de marzo, desde los Centros de Atenci\u00f3n Social de Torrej\u00f3n se llev\u00f3 a cabo una acci\u00f3n de participaci\u00f3n comunitaria. Como en otras ocasiones, dispusimos\u00a0de un cartel donde bajo el lema &#8220;Las mujeres m\u00e1s importantes de mi vida&#8220;, se animaba a la participaci\u00f3n ciudadana [&hellip;]<\/p>\n","protected":false},"author":1,"featured_media":3904,"comment_status":"open","ping_status":"closed","sticky":false,"template":"","format":"standard","meta":{"_acf_changed":false,"give_campaign_id":0,"_seopress_robots_primary_cat":"","_seopress_titles_title":"","_seopress_titles_desc":"","_seopress_robots_index":"","footnotes":""},"categories":[41],"tags":[105,578,504,589,590,591,180,592],"class_list":["post-3903","post","type-post","status-publish","format-standard","has-post-thumbnail","hentry","category-blog-salud-mental","tag-8m","tag-diamujer","tag-mujeres","tag-mural","tag-pancarta","tag-reivindicacion","tag-saludmental","tag-torrejon"],"acf":[],"_links":{"self":[{"href":"https:\/\/www.fundacionmanantial.org\/en\/wp-json\/wp\/v2\/posts\/3903","targetHints":{"allow":["GET"]}}],"collection":[{"href":"https:\/\/www.fundacionmanantial.org\/en\/wp-json\/wp\/v2\/posts"}],"about":[{"href":"https:\/\/www.fundacionmanantial.org\/en\/wp-json\/wp\/v2\/types\/post"}],"author":[{"embeddable":true,"href":"https:\/\/www.fundacionmanantial.org\/en\/wp-json\/wp\/v2\/users\/1"}],"replies":[{"embeddable":true,"href":"https:\/\/www.fundacionmanantial.org\/en\/wp-json\/wp\/v2\/comments?post=3903"}],"version-history":[{"count":0,"href":"https:\/\/www.fundacionmanantial.org\/en\/wp-json\/wp\/v2\/posts\/3903\/revisions"}],"wp:featuredmedia":[{"embeddable":true,"href":"https:\/\/www.fundacionmanantial.org\/en\/wp-json\/wp\/v2\/media\/3904"}],"wp:attachment":[{"href":"https:\/\/www.fundacionmanantial.org\/en\/wp-json\/wp\/v2\/media?parent=3903"}],"wp:term":[{"taxonomy":"category","embeddable":true,"href":"https:\/\/www.fundacionmanantial.org\/en\/wp-json\/wp\/v2\/categories?post=3903"},{"taxonomy":"post_tag","embeddable":true,"href":"https:\/\/www.fundacionmanantial.org\/en\/wp-json\/wp\/v2\/tags?post=3903"}],"curies":[{"name":"wp","href":"https:\/\/api.w.org\/{rel}","templated":true}]}}