{"id":3901,"date":"2021-03-09T13:44:38","date_gmt":"2021-03-09T12:44:38","guid":{"rendered":"https:\/\/www.fundacionmanantial.org\/los-centros-de-atencion-social-de-leganes-se-suman-al-8m\/"},"modified":"2021-03-09T13:44:38","modified_gmt":"2021-03-09T12:44:38","slug":"los-centros-de-atencion-social-de-leganes-se-suman-al-8m","status":"publish","type":"post","link":"https:\/\/www.fundacionmanantial.org\/en\/los-centros-de-atencion-social-de-leganes-se-suman-al-8m\/","title":{"rendered":"Los centros de atenci\u00f3n social de Legan\u00e9s se suman al #8M"},"content":{"rendered":"<p style=\"text-align: right;\">\u201cPor un mundo donde seamos socialmente iguales,<br \/>\nhumanamente diferentes y totalmente libres\u201d<\/p>\n<p style=\"text-align: right;\">Rosa Luxemburgo<\/p>\n<p>&nbsp;<\/p>\n<p>La <a href=\"https:\/\/www.who.int\/es\" target=\"_blank\" rel=\"noopener\">Organizaci\u00f3n Mundial de la Salud (OMS)<\/a> se\u00f1ala que \u201c<strong>el g\u00e9nero afecta de manera\u00a0fundamental a la salud mental<\/strong>\u201d. Las desigualdades estructurales basadas en el g\u00e9nero\u00a0provocan que <strong>ser mujer sea un factor de riesgo para tener un problema de salud mental.<\/strong><\/p>\n<p>Las mujeres con las que trabajamos, que han recibido un diagn\u00f3stico de salud mental,\u00a0<strong>sufren un doble estigma por la condici\u00f3n de mujeres y su estado de salud mental.\u00a0<\/strong><\/p>\n<p>Desde el Equipo de Apoyo Social Comunitario, y en colaboraci\u00f3n con los centros de Atenci\u00f3n Social &#8220;Legan\u00e9s&#8221; gestionados por Fundaci\u00f3n Manantial, elaboramos una <strong>pancarta reivindicativa con motivo del d\u00eda internacional de la mujer para\u00a0dar visibilidad y tomar conciencia de estas desigualdades.<\/strong><\/p>\n<p>La acci\u00f3n se desarroll\u00f3 el viernes 5 en el parking de los centros de atenci\u00f3n social de\u00a0Legan\u00e9s, <strong>realiz\u00e1ndose el dise\u00f1o conjuntamente entre las\u00a0usuarias y profesionales del Equipo de Apoyo y con la colaboraci\u00f3n del Centro de Rehabilitaci\u00f3n\u00a0Laboral, Centro de D\u00eda y Residencia &#8220;Legan\u00e9s&#8221;.<\/strong><\/p>\n<p>Teniendo en cuenta la situaci\u00f3n sanitaria actual y para evitar concentraciones de\u00a0personas, <strong>nos sumamos a la iniciativa de las asociaciones de mujeres de la Comunidad\u00a0de Madrid, quienes proponen decorar los balcones con algo morado para visibilizar la\u00a0lucha por la igualdad.<\/strong> Por ello, realizamos una <strong>pancarta que qued\u00f3 colgada en la fachada\u00a0del centro durante el fin de semana y durante toda la jornada del 8 de marzo.<\/strong><\/p>\n<p>&nbsp;<\/p>\n","protected":false},"excerpt":{"rendered":"<p>\u201cPor un mundo donde seamos socialmente iguales, humanamente diferentes y totalmente libres\u201d Rosa Luxemburgo &nbsp; La Organizaci\u00f3n Mundial de la Salud (OMS) se\u00f1ala que \u201cel g\u00e9nero afecta de manera\u00a0fundamental a la salud mental\u201d. Las desigualdades estructurales basadas en el g\u00e9nero\u00a0provocan que ser mujer sea un factor de riesgo para tener un problema de salud mental. [&hellip;]<\/p>\n","protected":false},"author":1,"featured_media":3902,"comment_status":"open","ping_status":"closed","sticky":false,"template":"","format":"standard","meta":{"_acf_changed":false,"give_campaign_id":0,"_seopress_robots_primary_cat":"","_seopress_titles_title":"","_seopress_titles_desc":"","_seopress_robots_index":"","footnotes":""},"categories":[41],"tags":[105,576,253,504,588,65],"class_list":["post-3901","post","type-post","status-publish","format-standard","has-post-thumbnail","hentry","category-blog-salud-mental","tag-8m","tag-diadelamujer","tag-enfermedad-mental","tag-mujeres","tag-oms","tag-salud-mental"],"acf":[],"_links":{"self":[{"href":"https:\/\/www.fundacionmanantial.org\/en\/wp-json\/wp\/v2\/posts\/3901","targetHints":{"allow":["GET"]}}],"collection":[{"href":"https:\/\/www.fundacionmanantial.org\/en\/wp-json\/wp\/v2\/posts"}],"about":[{"href":"https:\/\/www.fundacionmanantial.org\/en\/wp-json\/wp\/v2\/types\/post"}],"author":[{"embeddable":true,"href":"https:\/\/www.fundacionmanantial.org\/en\/wp-json\/wp\/v2\/users\/1"}],"replies":[{"embeddable":true,"href":"https:\/\/www.fundacionmanantial.org\/en\/wp-json\/wp\/v2\/comments?post=3901"}],"version-history":[{"count":0,"href":"https:\/\/www.fundacionmanantial.org\/en\/wp-json\/wp\/v2\/posts\/3901\/revisions"}],"wp:featuredmedia":[{"embeddable":true,"href":"https:\/\/www.fundacionmanantial.org\/en\/wp-json\/wp\/v2\/media\/3902"}],"wp:attachment":[{"href":"https:\/\/www.fundacionmanantial.org\/en\/wp-json\/wp\/v2\/media?parent=3901"}],"wp:term":[{"taxonomy":"category","embeddable":true,"href":"https:\/\/www.fundacionmanantial.org\/en\/wp-json\/wp\/v2\/categories?post=3901"},{"taxonomy":"post_tag","embeddable":true,"href":"https:\/\/www.fundacionmanantial.org\/en\/wp-json\/wp\/v2\/tags?post=3901"}],"curies":[{"name":"wp","href":"https:\/\/api.w.org\/{rel}","templated":true}]}}