{"id":3899,"date":"2021-03-05T12:56:05","date_gmt":"2021-03-05T11:56:05","guid":{"rendered":"https:\/\/www.fundacionmanantial.org\/jornadas-de-sensibilizacion-con-el-ies-isaac-peral-de-torrejon-de-ardoz\/"},"modified":"2021-03-05T12:56:05","modified_gmt":"2021-03-05T11:56:05","slug":"jornadas-de-sensibilizacion-con-el-ies-isaac-peral-de-torrejon-de-ardoz","status":"publish","type":"post","link":"https:\/\/www.fundacionmanantial.org\/en\/jornadas-de-sensibilizacion-con-el-ies-isaac-peral-de-torrejon-de-ardoz\/","title":{"rendered":"Jornadas de sensibilizaci\u00f3n con el IES Isaac Peral de Torrej\u00f3n de Ardoz"},"content":{"rendered":"<p>Estas Jornadas se inscriben dentro de las <strong>acciones antiestigma<\/strong> que realizamos todos los a\u00f1os con el fin de <strong>continuar trabajando en la apertura a la comunidad y ajustar la imagen de las personas con problemas de salud mental.<\/strong><\/p>\n<p>La actividad inicialmente <strong>estaba programada para marzo 2020, pero dada la situaci\u00f3n sanitaria, tuvimos que cambiar de fecha y ajustar la actividad al formato online.<\/strong><\/p>\n<p>En reuniones preparatorias entre usuarios y usuarias, profesionales y la profesora responsable de la clase, <strong>se decidi\u00f3 ubicar la actividad en torno a un programa de radio, aprovechando las diferentes experiencias en los centros de atenci\u00f3n social de Fundaci\u00f3n Manantial en Torrej\u00f3n<\/strong> (el grupo de Radio del Centro de Rehabilitaci\u00f3n Laboral y <a href=\"https:\/\/elastic-antonelli.5-250-189-237.plesk.page\/entrevista-a-guillermo-pascual-corresponsal-de-antena-3\/\" target=\"_blank\" rel=\"noopener\"><em>Radio Ox\u00edmoron<\/em><\/a> del Centro de Rehabilitaci\u00f3n Psicosocial).<\/p>\n<p>En esta experiencia <strong>han participado 17 personas, entre profesionales y usuarios y usuarias de los 4 centros de Torrej\u00f3n<\/strong> (Centro de D\u00eda, Equipo de Apoyo Social Comunitario,\u00a0Centro de Rehabilitaci\u00f3n Laboral y Centro de Rehabilitaci\u00f3n Psicosocial).<\/p>\n<p><strong>Se realizaron 7 sesiones y 8 coordinaciones con el instituto por videollamadas, correos y llamadas telef\u00f3nicas.<\/strong><\/p>\n<p>Entre todos y todas se decidi\u00f3 realizar <strong>tres encuentros:<\/strong><\/p>\n<ol>\n<li><strong>Visita al Instituto<\/strong>: los objetivos fueron dar a conocer los recursos de la Red y poder compartir primeras impresiones acerca de la Salud Mental. Para ello se cont\u00f3 con dos experiencias en primera persona y se utiliz\u00f3 un material audiovisual que facilit\u00f3 la reflexi\u00f3n.<\/li>\n<li><strong>Programa de radio<\/strong>: con el objetivo de reflexionar acerca de la salud mental, se decidi\u00f3 utilizar la experiencia de formato de programa de radio y dinamizar un encuentro virtual con los alumnos. En reuniones preparatorias, se realiz\u00f3 una escaleta del programa y cada participante decidi\u00f3 su intervenci\u00f3n y el contenido de la misma, conjugando las experiencias en primera persona con reflexiones que ayudaran a pensar en v\u00edas alternativas ante situaciones de acoso, violencia o primeras experiencias subjetivas de sufrimiento mental.<\/li>\n<li><strong>Encuentro abierto:<\/strong>\u00a0tras el programa de radio, se mantuvo un encuentro virtual, sin gui\u00f3n donde el objetivo fue seguir profundizando en una idea m\u00e1s ajustada de la salud mental compartiendo dudas, experiencias y aclaraciones<\/li>\n<\/ol>\n<p>El feedback de los participantes de los recursos, de los alumnos y de la profesora encargada de la clase es muy positivo. Todos y todas coinciden en <strong>el beneficio de esta actividad conjunta para el ajuste de ideas en relaci\u00f3n a la salud mental.<\/strong> Por este motivo, est\u00e1 previsto <strong>seguir manteniendo la relaci\u00f3n con el instituto Isaac Peral y poder replicar la experiencia con otras clases<\/strong>.<\/p>\n<p><strong><a href=\"https:\/\/www.ivoox.com\/programa-especial-colaboracion-ies-isaac-audios-mp3_rf_64521431_1.html\" target=\"_blank\" rel=\"noopener\">Programa de radio editado con el material grabado de la segunda jornada<\/a><\/strong><\/p>\n<p>&nbsp;<\/p>\n","protected":false},"excerpt":{"rendered":"<p>Estas Jornadas se inscriben dentro de las acciones antiestigma que realizamos todos los a\u00f1os con el fin de continuar trabajando en la apertura a la comunidad y ajustar la imagen de las personas con problemas de salud mental. La actividad inicialmente estaba programada para marzo 2020, pero dada la situaci\u00f3n sanitaria, tuvimos que cambiar de [&hellip;]<\/p>\n","protected":false},"author":1,"featured_media":3900,"comment_status":"open","ping_status":"closed","sticky":false,"template":"","format":"standard","meta":{"_acf_changed":false,"give_campaign_id":0,"_seopress_robots_primary_cat":"","_seopress_titles_title":"","_seopress_titles_desc":"","_seopress_robots_index":"","footnotes":""},"categories":[41],"tags":[124,470,253,586,478,65,111,587],"class_list":["post-3899","post","type-post","status-publish","format-standard","has-post-thumbnail","hentry","category-blog-salud-mental","tag-comunidad","tag-educacion","tag-enfermedad-mental","tag-instituto","tag-radio","tag-salud-mental","tag-sensibilizacion","tag-torrejon-madrid"],"acf":[],"_links":{"self":[{"href":"https:\/\/www.fundacionmanantial.org\/en\/wp-json\/wp\/v2\/posts\/3899","targetHints":{"allow":["GET"]}}],"collection":[{"href":"https:\/\/www.fundacionmanantial.org\/en\/wp-json\/wp\/v2\/posts"}],"about":[{"href":"https:\/\/www.fundacionmanantial.org\/en\/wp-json\/wp\/v2\/types\/post"}],"author":[{"embeddable":true,"href":"https:\/\/www.fundacionmanantial.org\/en\/wp-json\/wp\/v2\/users\/1"}],"replies":[{"embeddable":true,"href":"https:\/\/www.fundacionmanantial.org\/en\/wp-json\/wp\/v2\/comments?post=3899"}],"version-history":[{"count":0,"href":"https:\/\/www.fundacionmanantial.org\/en\/wp-json\/wp\/v2\/posts\/3899\/revisions"}],"wp:featuredmedia":[{"embeddable":true,"href":"https:\/\/www.fundacionmanantial.org\/en\/wp-json\/wp\/v2\/media\/3900"}],"wp:attachment":[{"href":"https:\/\/www.fundacionmanantial.org\/en\/wp-json\/wp\/v2\/media?parent=3899"}],"wp:term":[{"taxonomy":"category","embeddable":true,"href":"https:\/\/www.fundacionmanantial.org\/en\/wp-json\/wp\/v2\/categories?post=3899"},{"taxonomy":"post_tag","embeddable":true,"href":"https:\/\/www.fundacionmanantial.org\/en\/wp-json\/wp\/v2\/tags?post=3899"}],"curies":[{"name":"wp","href":"https:\/\/api.w.org\/{rel}","templated":true}]}}