{"id":3895,"date":"2021-02-23T11:41:15","date_gmt":"2021-02-23T10:41:15","guid":{"rendered":"https:\/\/www.fundacionmanantial.org\/castillos-en-el-aire-y-vendernos-otras-motos-en-salud-mental\/"},"modified":"2021-02-23T11:41:15","modified_gmt":"2021-02-23T10:41:15","slug":"castillos-en-el-aire-y-vendernos-otras-motos-en-salud-mental","status":"publish","type":"post","link":"https:\/\/www.fundacionmanantial.org\/en\/castillos-en-el-aire-y-vendernos-otras-motos-en-salud-mental\/","title":{"rendered":"Castillos en el aire y vendernos otras motos en salud mental"},"content":{"rendered":"<div>\n<p>Hace tiempo que venimos pidiendo cambios en la obsoleta pr\u00e1ctica de la psiquiatr\u00eda (salvo honrosas y escasas excepciones) para conseguir que se nos humanice y se nos deje de tratar como pacientes de segunda, cosificados encima y mermados en nuestra dignidad por el trato que habitualmente se nos da.<\/p>\n<p>El colectivo o los muchos colectivos ya existentes en defensa de las buenas pr\u00e1cticas en salud mental no dejan de manifestarse en redes, incluso en las calles a pesar del covid, por las muchas injusticias y tropel\u00edas que se cometen en nombre del \u201cSanto Protocolo\u201d de las plantas de salud mental.<b>\u00a0Que si contenciones mec\u00e1nicas no reglamentarias y que atentan a los Derechos Humanos, contenciones f\u00edsicas y reducciones del paciente (al que previamente ellos mismos han intimidado y han puesto a la defensiva) a lo bestia entre varios (muchos) celadores y enfermeros, pinchazos y sedaciones en contra de la voluntad del paciente y muchas m\u00e1s medidas coercitivas \u201cde manual psiqui\u00e1trico\u201d \u00a0que se llevan a cabo impunemente en Espa\u00f1a hoy en d\u00eda. Amenazas, castigos, descargas \u201ct\u00e1ser\u201d o rodillas en el cuello por minutos que \u201caccidentalmente\u201d matan. Esto no puede ni debe seguir as\u00ed.<\/b>\u00a0Eso es lo que piden y claman los distintos colectivos y asociaciones de pacientes de salud mental, s\u00f3lo eso, \u201cf\u00e1cil de hacer y de cambiar\u201d pero no se hace ni se cambia nada.<\/p>\n<p><b>Se nos prometi\u00f3 una ley que nos proteger\u00eda a los pacientes de salud mental contra todas esas malas pr\u00e1cticas y contra el abuso de poder sobre el paciente de muchos de los trabajadores de la sanidad en materia de salud mental, se nos prometi\u00f3 tambi\u00e9n impulsar la protecci\u00f3n de los pacientes ante el suicidio, tema que dej\u00f3 de ser tab\u00fa mientras conven\u00eda, pero poco o nada se ha hecho. Todo castillos en el aire&#8230;<br \/>\n<\/b><br \/>\n<b>Se nos contin\u00faa vendiendo la moto de que es \u201cpor el bien del paciente y los que lo cuidan o rodean\u201d (m\u00e1s rodean que cuidan, porque eso no es cuidar, permitidme un gran \u00a1JA! aunque no tenga gracia alguna) y en este tira y afloja siempre pierden los mismos, los pacientes maltratados por el \u201cpsistema\u201d<\/b>, da igual cuan alto gritemos que somos personas como el resto y con los mismos derechos. Ellos se justifican con mitos como la agresividad (\u00bflo que ellos practican no es acaso m\u00e1s que violencia deliberada e injustificada?) o el riesgo de da\u00f1os personales o colaterales como dice el \u201cSanto Sacramento del Protocolo de marras\u201d y as\u00ed siguen, nos amarran, nos humillan, nos cosifican, nos maltratan&#8230; y la vida sigue igual para los que no est\u00e1n afectados que se creen el cuento y que en lugar de apoyarnos les justifican en su corriente \u201ccuerdista\u201d.<\/p>\n<p>Pues bien, \u00a1ya basta!, \u00a1ya basta de enga\u00f1os por todas partes! El maltrato del paciente sea cual sea su conducta es maltrato y una infracci\u00f3n de los Derechos Humanos que muchos \u201ccuerdistas\u201d se saltan tan a la torera a su favor dando opiniones llenas de rumorolog\u00edas y desinformaci\u00f3n, pensando a la vez que \u201cesos locos se lo merecen\u201d o que \u201calgo habr\u00e1n hecho o habr\u00e1n estado a punto de hacer\u201d, hasta que les toque a ellos o a alguien cercano y le vean las orejas o peor a\u00fan los afilados colmillos al lobo&#8230;<\/p>\n<\/div>\n<div><\/div>\n<div>\n<p><b>Somos muchos ya los que estamos hartos de este juego sucio, de esta guerra fr\u00eda entre \u201clocos\u201d y \u201cno diagnosticados\u201d<\/b>, porque eso son los \u201ccuerdos\u201d que se vanaglorian de su \u201ccordura\u201d: no diagnosticados. Y si, llegado el d\u00eda se desequilibran un poco y le ponen la maldita etiqueta de \u201cloco\u201d sabr\u00e1n en carne propia por qu\u00e9\u00a0<b>pedimos y rogamos empat\u00eda en la defensa de los Derechos de los pacientes de salud mental<\/b>.<\/p>\n<p><b>S\u00ed, somos muchos y cada vez m\u00e1s indignados\u00a0<\/b>con el tema (que no \u201cindignaditos\u201d), ya no se nos puede callar ni apartar ni ocultar como anta\u00f1o porque no somos menos personas que nadie de este mundo ya tenga t\u00edtulo psiqui\u00e1trico o relacionado o sea un cu\u00f1ado meapilas (con perd\u00f3n) de los muchos que andan sueltos con m\u00e1s peligro que un \u201cloco\u201d, porque nosotros no somos los peligrosos ni somos los que oprimimos ni maltratamos.<\/p>\n<p>Hablando de peligrosidad, violencia, agresividad y relativos decir que las cifras y las estad\u00edsticas hablan por s\u00ed solas y nos abalan pero es m\u00e1s f\u00e1cil silenciarlas y echar la culpa al \u201cloco\u201d o decir que a alguien \u201cse le ha ido la cabeza\u201d. Pues bien, basta con ver los noticiarios actuales para ver c\u00f3mo est\u00e1 el panorama patrio y mundial y ver como se le \u201cha ido la olla\u201d a la sociedad: violencia, asesinatos, robos, saqueos de tiendas, mobiliarios p\u00fablicos destrozados, coches y contenedores o ruedas ardiendo, lanzamientos de objetos,&#8230; Son nuestro pan de cada d\u00eda y con ello nos alimentamos tan \u201csanamente\u201d para poner el grito en el cielo cuando se comete un s\u00f3lo acto por una persona con disrupci\u00f3n de la realidad, cuando a cada momento los \u201ccuerdos\u201d hacen y cometen a su antojo actos delictivos, agresivos e incluso matan, s\u00ed, \u00a1matan! y nadie se queja mucho de ello porque no vende, ni da morbo ni tiene estigma o etiqueta que justifique y condene.<\/p>\n<p><b>El que es mala persona, es mala persona y debe estar en la c\u00e1rcel y no en una planta psiqui\u00e1trica y a los que estemos en planta psiqui\u00e1trica que nos dejen de maltratar e injuriar de una vez y mejoren nuestros cuidados hacia un protocolo m\u00e1s humanista<\/b>, aunque viendo lo deshumanizada que est\u00e1 la sociedad \u00faltimamente, parece dif\u00edcil ese cambio que tanto pedimos y necesitamos. Pero, por favor, no nos mientan, no se mientan ustedes mismos, <strong>no nos vendan m\u00e1s castillos en el aire ni otras motos<\/strong>\u00a0<b>de esas que ni arrancan.<\/b><\/p>\n<p>&nbsp;<\/p>\n<p><em>Por Pedro Lara,\u00a0blogger de afici\u00f3n e interesado en el crecimiento y desarrollo personal, as\u00ed como defensor de los derechos fundamentales de las personas.\u00a0Puedes leer m\u00e1s post de Pedro en su blog personal:\u00a0<a href=\"http:\/\/siguiendoadelante.tumblr.com\/\" target=\"_blank\" rel=\"noopener\">http:\/\/siguiendoadelante.tumblr.com<\/a><\/em><\/p>\n<p>&nbsp;<\/p>\n<\/div>\n","protected":false},"excerpt":{"rendered":"<p>Hace tiempo que venimos pidiendo cambios en la obsoleta pr\u00e1ctica de la psiquiatr\u00eda (salvo honrosas y escasas excepciones) para conseguir que se nos humanice y se nos deje de tratar como pacientes de segunda, cosificados encima y mermados en nuestra dignidad por el trato que habitualmente se nos da. El colectivo o los muchos colectivos [&hellip;]<\/p>\n","protected":false},"author":1,"featured_media":3896,"comment_status":"open","ping_status":"closed","sticky":false,"template":"","format":"standard","meta":{"_acf_changed":false,"give_campaign_id":0,"_seopress_robots_primary_cat":"","_seopress_titles_title":"","_seopress_titles_desc":"","_seopress_robots_index":"","footnotes":""},"categories":[41],"tags":[],"class_list":["post-3895","post","type-post","status-publish","format-standard","has-post-thumbnail","hentry","category-blog-salud-mental"],"acf":[],"_links":{"self":[{"href":"https:\/\/www.fundacionmanantial.org\/en\/wp-json\/wp\/v2\/posts\/3895","targetHints":{"allow":["GET"]}}],"collection":[{"href":"https:\/\/www.fundacionmanantial.org\/en\/wp-json\/wp\/v2\/posts"}],"about":[{"href":"https:\/\/www.fundacionmanantial.org\/en\/wp-json\/wp\/v2\/types\/post"}],"author":[{"embeddable":true,"href":"https:\/\/www.fundacionmanantial.org\/en\/wp-json\/wp\/v2\/users\/1"}],"replies":[{"embeddable":true,"href":"https:\/\/www.fundacionmanantial.org\/en\/wp-json\/wp\/v2\/comments?post=3895"}],"version-history":[{"count":0,"href":"https:\/\/www.fundacionmanantial.org\/en\/wp-json\/wp\/v2\/posts\/3895\/revisions"}],"wp:featuredmedia":[{"embeddable":true,"href":"https:\/\/www.fundacionmanantial.org\/en\/wp-json\/wp\/v2\/media\/3896"}],"wp:attachment":[{"href":"https:\/\/www.fundacionmanantial.org\/en\/wp-json\/wp\/v2\/media?parent=3895"}],"wp:term":[{"taxonomy":"category","embeddable":true,"href":"https:\/\/www.fundacionmanantial.org\/en\/wp-json\/wp\/v2\/categories?post=3895"},{"taxonomy":"post_tag","embeddable":true,"href":"https:\/\/www.fundacionmanantial.org\/en\/wp-json\/wp\/v2\/tags?post=3895"}],"curies":[{"name":"wp","href":"https:\/\/api.w.org\/{rel}","templated":true}]}}