{"id":3893,"date":"2021-02-22T09:45:49","date_gmt":"2021-02-22T08:45:49","guid":{"rendered":"https:\/\/www.fundacionmanantial.org\/colaboracion-del-crl-con-el-hospital-de-torrejon-de-ardoz\/"},"modified":"2021-02-22T09:45:49","modified_gmt":"2021-02-22T08:45:49","slug":"colaboracion-del-crl-con-el-hospital-de-torrejon-de-ardoz","status":"publish","type":"post","link":"https:\/\/www.fundacionmanantial.org\/en\/colaboracion-del-crl-con-el-hospital-de-torrejon-de-ardoz\/","title":{"rendered":"Colaboraci\u00f3n del CRL con el Hospital de Torrej\u00f3n de Ardoz"},"content":{"rendered":"<p style=\"font-weight: 400;\">El lunes 8 de febrero, la empresa <strong><a href=\"https:\/\/www.cisolpublicidad.com\/?gclid=CjwKCAiAyc2BBhAaEiwA44-wWxCE2eqFIC2bz3XscAbOWG9U53ZH9nDlrvbVWw2Q3NkBZv3x5mB7wBoCGOUQAvD_BwE\" target=\"_blank\" rel=\"noopener\">Cisol publicidad<\/a><\/strong> a trav\u00e9s de Juan Jos\u00e9 Liceran, se puso en contacto con el <a href=\"https:\/\/elastic-antonelli.5-250-189-237.plesk.page\/atencion-social\/\" target=\"_blank\" rel=\"noopener\"><strong>Centro de Rehabilitaci\u00f3n Laboral \u201cTorrej\u00f3n\u201d<\/strong><\/a> para pedirnos si pod\u00edamos <strong>manipular un pedido de 200 mantas de viaje que iban a donar al Hospital de Torrej\u00f3n<\/strong>. La idea era que <strong>las mantas ven\u00edan retractiladas de f\u00e1brica extendidas con un arn\u00e9s desmontado, y necesitaban entregarlas montadas como mantas de viaje enrolladas con el arn\u00e9s puesto y protegidas nuevamente con el embalaje original.<\/strong><\/p>\n<p>&nbsp;<\/p>\n<p style=\"font-weight: 400;\">La tarea era sencilla pero interesante en la medida que nos proporcionaba un escenario para <strong>poner en marcha la capacidad de reacci\u00f3n de los talleres, trabajando en equipo y por proyectos, como es la filosof\u00eda del CRL \u201cTorrej\u00f3n\u201d.<\/strong>\u00a0 La virtud de este tipo de experiencias est\u00e1 en que<strong> fomentan la flexibilidad de las distintas personas que est\u00e1n especializados en tareas de distintos entornos, para unir sinergias en un objetivo com\u00fan<\/strong> que, en este caso, tiene el a\u00f1adido de tratarse de una <strong>colaboraci\u00f3n relacionada con el \u00e1mbito sanitario<\/strong> que en la actualidad <strong>suscita todo tipo de emociones por la situaci\u00f3n de pandemia que atravesamos.<\/strong><\/p>\n<p>&nbsp;<\/p>\n<p style=\"font-weight: 400;\"><strong>El trabajo se ejecut\u00f3 en tiempo y forma<\/strong> entregando las mantas en el Departamento de Comunicaci\u00f3n del Hospital, creando un precedente para <strong>empezar una relaci\u00f3n que puede producir nuevos contactos a trav\u00e9s de otras peticiones<\/strong>, y un conocimiento del recurso y la gente en atenci\u00f3n desde el personal administrativo del Hospital como integrantes del entorno comunitario.<\/p>\n<p>&nbsp;<\/p>\n<p><em>Centro de Rehabilitaci\u00f3n Laboral &#8220;Torrej\u00f3n&#8221;<\/em><\/p>\n<p>&nbsp;<\/p>\n","protected":false},"excerpt":{"rendered":"<p>El lunes 8 de febrero, la empresa Cisol publicidad a trav\u00e9s de Juan Jos\u00e9 Liceran, se puso en contacto con el Centro de Rehabilitaci\u00f3n Laboral \u201cTorrej\u00f3n\u201d para pedirnos si pod\u00edamos manipular un pedido de 200 mantas de viaje que iban a donar al Hospital de Torrej\u00f3n. La idea era que las mantas ven\u00edan retractiladas de [&hellip;]<\/p>\n","protected":false},"author":1,"featured_media":3894,"comment_status":"open","ping_status":"closed","sticky":false,"template":"","format":"standard","meta":{"_acf_changed":false,"give_campaign_id":0,"_seopress_robots_primary_cat":"","_seopress_titles_title":"","_seopress_titles_desc":"","_seopress_robots_index":"","footnotes":""},"categories":[41],"tags":[],"class_list":["post-3893","post","type-post","status-publish","format-standard","has-post-thumbnail","hentry","category-blog-salud-mental"],"acf":[],"_links":{"self":[{"href":"https:\/\/www.fundacionmanantial.org\/en\/wp-json\/wp\/v2\/posts\/3893","targetHints":{"allow":["GET"]}}],"collection":[{"href":"https:\/\/www.fundacionmanantial.org\/en\/wp-json\/wp\/v2\/posts"}],"about":[{"href":"https:\/\/www.fundacionmanantial.org\/en\/wp-json\/wp\/v2\/types\/post"}],"author":[{"embeddable":true,"href":"https:\/\/www.fundacionmanantial.org\/en\/wp-json\/wp\/v2\/users\/1"}],"replies":[{"embeddable":true,"href":"https:\/\/www.fundacionmanantial.org\/en\/wp-json\/wp\/v2\/comments?post=3893"}],"version-history":[{"count":0,"href":"https:\/\/www.fundacionmanantial.org\/en\/wp-json\/wp\/v2\/posts\/3893\/revisions"}],"wp:featuredmedia":[{"embeddable":true,"href":"https:\/\/www.fundacionmanantial.org\/en\/wp-json\/wp\/v2\/media\/3894"}],"wp:attachment":[{"href":"https:\/\/www.fundacionmanantial.org\/en\/wp-json\/wp\/v2\/media?parent=3893"}],"wp:term":[{"taxonomy":"category","embeddable":true,"href":"https:\/\/www.fundacionmanantial.org\/en\/wp-json\/wp\/v2\/categories?post=3893"},{"taxonomy":"post_tag","embeddable":true,"href":"https:\/\/www.fundacionmanantial.org\/en\/wp-json\/wp\/v2\/tags?post=3893"}],"curies":[{"name":"wp","href":"https:\/\/api.w.org\/{rel}","templated":true}]}}