{"id":3891,"date":"2021-02-15T10:59:35","date_gmt":"2021-02-15T09:59:35","guid":{"rendered":"https:\/\/www.fundacionmanantial.org\/el-poeta-que-no-quiso-callar\/"},"modified":"2021-02-15T10:59:35","modified_gmt":"2021-02-15T09:59:35","slug":"el-poeta-que-no-quiso-callar","status":"publish","type":"post","link":"https:\/\/www.fundacionmanantial.org\/en\/el-poeta-que-no-quiso-callar\/","title":{"rendered":"El poeta que no quiso callar"},"content":{"rendered":"<p style=\"font-weight: 400;\"><em>\u201cLa tormenta se desata<\/em><\/p>\n<p style=\"font-weight: 400;\"><em>Cuando escucho tu voz, tus finas palabras<\/em><\/p>\n<p style=\"font-weight: 400;\"><em>Tienen el poder de una ola<\/em><\/p>\n<p style=\"font-weight: 400;\"><em>Con tu recuerdo siembro la tierra, Paola.\u201d<\/em><\/p>\n<p>&nbsp;<\/p>\n<p><strong>Las personas, en general, tenemos la necesidad de comunicar.<\/strong> La mayor\u00eda solamente comunican estados de \u00e1nimo, pero otras personas (tocadas por la varita m\u00e1gica de una sensibilidad especial) vamos mucho m\u00e1s all\u00e1, y aparte de comunicar estados de \u00e1nimo <strong>necesitamos comunicar emociones, historias, im\u00e1genes que tienen lugar en nuestro subconsciente, anhelos de todo tipo, en fin, sentimientos.<\/strong><\/p>\n<p>Yo siempre he sido una persona nacida con una sensibilidad especial para todo lo que sea contar historias y comunicar emociones. Recuerdo que, <strong>de peque\u00f1o, quer\u00eda ser director de cine.<\/strong> Crec\u00ed embelesado viendo las maravillas de Steven Spielberg, al mismo tiempo que devoraba las pel\u00edculas de los Hermanos Marx y de cuanta estrella de Hollywood pasaba por mis ojos.<\/p>\n<p>Sin embargo, <strong>esa sensibilidad tiene que ser apoyada por alguien.<\/strong> En mi caso siempre fue motivada por mis padres, quienes desde peque\u00f1o intentaron que me gustasen las artes.<\/p>\n<p>Y lo lograron. Actualmente <strong>estoy form\u00e1ndome para ser actor de doblaje, soy un apasionado del folclor latinoamericano<\/strong> (toco, sobre todo, quena y rondador) <strong>y escribo. S\u00ed, escribo.<\/strong> No solamente escribo art\u00edculos para el <strong><a href=\"http:\/\/www.articulossaberyocio.blogspot.com\" target=\"_blank\" rel=\"noopener\">blog SaBer y Ocio<\/a><\/strong>, sino que traduzco y adapto canciones del ingl\u00e9s al castellano, escribo mis propios guiones para mis v\u00eddeos de Facebook y s\u00ed, <strong>he empezado a escribir poes\u00eda, si es que la poes\u00eda que escribo realmente merece este calificativo.<\/strong><\/p>\n<p>Y, como soy una persona con dificultades econ\u00f3micas que no percibe ninguna prestaci\u00f3n y est\u00e1 en paro, <strong>me he lanzado a la aventura de publicarlos.<\/strong> Para ello <strong>me he decidido a publicarlos en Amazon<\/strong>, dado que publicarlos aqu\u00ed es relativamente sencillo y barato.<\/p>\n<p><strong>Y ah\u00ed est\u00e1 mi primer libro, \u201cPoemario de Noche y Amanecer\u201d.<\/strong> Una obra donde desnudo mi interior y me muestro al lector sin filtros, sin codificaciones, directamente. <strong>Una obra donde mi interior se va destapando como se destapa el interior de una fruta, donde muestro mis vivencias, mis anhelos pol\u00edticos y sociales y mis pasiones.<\/strong><\/p>\n<p>No pretendo calificarme a m\u00ed mismo de poeta, eso solamente lo podr\u00e1 hacer quien lea mi obra, pero s\u00ed <strong>pretendo que el p\u00fablico disfrute con lo que hago, y si encima recibo algo de dinero, por poco que sea, mejor que mejor.<\/strong><\/p>\n<p><strong><a href=\"https:\/\/www.amazon.es\/Poemario-Noche-Amanecer-Tommy-Agudo-ebook\/dp\/B08TL53S71\/ref=sr_1_1?__mk_es_ES=%C3%85M%C3%85%C5%BD%C3%95%C3%91&amp;dchild=1&amp;keywords=poemario+de+noche+y+amanecer&amp;qid=1613033888&amp;quartzVehicle=64-792&amp;replacementKeywords=poemario+de+noche+amanecer&amp;sr=8-1\" target=\"_blank\" rel=\"noopener\">Poemario Versi\u00f3n Kindle<\/a><\/strong><\/p>\n<p><strong><a href=\"https:\/\/www.amazon.es\/Poemario-Noche-Amanecer-Tommy-Agudo\/dp\/B08TL3H22C\/ref=sr_1_1?__mk_es_ES=%C3%85M%C3%85%C5%BD%C3%95%C3%91&amp;dchild=1&amp;keywords=poemario+de+noche+y+amanecer+tommy+agudo&amp;qid=1613033970&amp;quartzVehicle=64-792&amp;refinements=p_36%3A831298031&amp;replacementKeywords=poemario+de+noche+amanecer+tommy+agudo&amp;rnid=831274031&amp;s=books&amp;sr=1-1\" target=\"_blank\" rel=\"noopener\">Poemario Formato f\u00edsico<\/a><\/strong><\/p>\n<p>&nbsp;<\/p>\n<p><em>Tommy Agudo<\/em><\/p>\n<p>&nbsp;<\/p>\n","protected":false},"excerpt":{"rendered":"<p>\u201cLa tormenta se desata Cuando escucho tu voz, tus finas palabras Tienen el poder de una ola Con tu recuerdo siembro la tierra, Paola.\u201d &nbsp; Las personas, en general, tenemos la necesidad de comunicar. La mayor\u00eda solamente comunican estados de \u00e1nimo, pero otras personas (tocadas por la varita m\u00e1gica de una sensibilidad especial) vamos mucho [&hellip;]<\/p>\n","protected":false},"author":1,"featured_media":3892,"comment_status":"open","ping_status":"closed","sticky":false,"template":"","format":"standard","meta":{"_acf_changed":false,"give_campaign_id":0,"_seopress_robots_primary_cat":"","_seopress_titles_title":"","_seopress_titles_desc":"","_seopress_robots_index":"","footnotes":""},"categories":[41],"tags":[572,129,573,574,180],"class_list":["post-3891","post","type-post","status-publish","format-standard","has-post-thumbnail","hentry","category-blog-salud-mental","tag-amazon","tag-poemario","tag-poesia","tag-primerapersona","tag-saludmental"],"acf":[],"_links":{"self":[{"href":"https:\/\/www.fundacionmanantial.org\/en\/wp-json\/wp\/v2\/posts\/3891","targetHints":{"allow":["GET"]}}],"collection":[{"href":"https:\/\/www.fundacionmanantial.org\/en\/wp-json\/wp\/v2\/posts"}],"about":[{"href":"https:\/\/www.fundacionmanantial.org\/en\/wp-json\/wp\/v2\/types\/post"}],"author":[{"embeddable":true,"href":"https:\/\/www.fundacionmanantial.org\/en\/wp-json\/wp\/v2\/users\/1"}],"replies":[{"embeddable":true,"href":"https:\/\/www.fundacionmanantial.org\/en\/wp-json\/wp\/v2\/comments?post=3891"}],"version-history":[{"count":0,"href":"https:\/\/www.fundacionmanantial.org\/en\/wp-json\/wp\/v2\/posts\/3891\/revisions"}],"wp:featuredmedia":[{"embeddable":true,"href":"https:\/\/www.fundacionmanantial.org\/en\/wp-json\/wp\/v2\/media\/3892"}],"wp:attachment":[{"href":"https:\/\/www.fundacionmanantial.org\/en\/wp-json\/wp\/v2\/media?parent=3891"}],"wp:term":[{"taxonomy":"category","embeddable":true,"href":"https:\/\/www.fundacionmanantial.org\/en\/wp-json\/wp\/v2\/categories?post=3891"},{"taxonomy":"post_tag","embeddable":true,"href":"https:\/\/www.fundacionmanantial.org\/en\/wp-json\/wp\/v2\/tags?post=3891"}],"curies":[{"name":"wp","href":"https:\/\/api.w.org\/{rel}","templated":true}]}}