{"id":3887,"date":"2021-01-27T08:19:09","date_gmt":"2021-01-27T07:19:09","guid":{"rendered":"https:\/\/www.fundacionmanantial.org\/curar-y-no-tratar\/"},"modified":"2021-01-27T08:19:09","modified_gmt":"2021-01-27T07:19:09","slug":"curar-y-no-tratar","status":"publish","type":"post","link":"https:\/\/www.fundacionmanantial.org\/en\/curar-y-no-tratar\/","title":{"rendered":"Curar y no tratar"},"content":{"rendered":"<p>Me llamo Balbino Monle\u00f3n y tengo una enfermedad mental. El otro d\u00eda, <strong>cay\u00f3 en mis manos una publicaci\u00f3n que dec\u00eda que hay que destinar m\u00e1s recursos a la salud mental.<\/strong> Porque vamos muy por detr\u00e1s de los pa\u00edses de nuestro entorno.<\/p>\n<p>&nbsp;<\/p>\n<p>En cuanto a cirug\u00edas y trasplantes, somos un pa\u00eds pionero y en ese aspecto la sanidad espa\u00f1ola es de las mejores del mundo, pero en cuanto a enfermedades cr\u00f3nicas, como lo es la enfermedad mental, no. <strong>Por lo tanto, hacen falta m\u00e1s, psiquiatras, psic\u00f3logos, terapeutas\u2026 que traten a los enfermos mentales. Y digo yo \u00bfY si los curamos en vez de tratarlos?<\/strong><\/p>\n<p>&nbsp;<\/p>\n<p>Dicho esto, <strong>hay que explicar con detalle, cu\u00e1l es la diferencia entre curar y tratar.<\/strong> La industria farmac\u00e9utica, en su af\u00e1n de obtener ping\u00fces beneficios, se empe\u00f1a en desarrollar tratamientos para las enfermedades. De forma, que si a m\u00ed me hace falta un pinchazo cada 28 d\u00edas, como es el caso, me garantizan que ese tratamiento no me va a faltar durante el resto de mi vida, pero eso s\u00ed, no puedo faltar a mi cita con el ATS, para que me pinche el neurol\u00e9ptico que me ponen. \u00a1Ojo!, esto no es una cura efectiva, es un tratamiento que te mantiene estable y controlado, pero nada m\u00e1s. <strong>La enfermedad no desaparece, porque sigue estando ah\u00ed<\/strong>; y eso precisamente, es lo que la industria farmac\u00e9utica quiere. Que la enfermedad no desaparezca, para seguir vendiendo sus tratamientos y ganando dinero. Porque si desarrollan una cura efectiva para la enfermedad y la erradican por completo, pierden los ingresos y el negocio. Quiz\u00e1 habr\u00eda que decir lo mismo de los profesionales que nos atienden, como psiquiatras, psic\u00f3logos, terapeutas y dem\u00e1s, quienes perder\u00edan su trabajo si desarrollaran una cura efectiva.<\/p>\n<p>&nbsp;<\/p>\n<p>Yo s\u00e9 que no me van a curar, pero no solo porque no hay una cura efectiva para mi enfermedad, sino porque no se investiga en desarrollarlas. Solo se investiga aquello que produce beneficios a la industria farmac\u00e9utica, que son los tratamientos. Y lo que es peor, no se hace nada por curar, <strong>no se destinan recursos a curar, sino a que acudas a seguimiento de tu unidad de salud mental, a que te den la medicaci\u00f3n y en definitiva a que te mantengas controlado y estable.<\/strong><\/p>\n<p>&nbsp;<\/p>\n<p>A m\u00ed por lo menos, esta situaci\u00f3n ya me cansa. Porque no quiero m\u00e1s tratamientos para mi enfermedad, ni m\u00e1s seguimientos por parte de salud mental, <strong>lo que quiero es, no ya que me curen, sino saber que hay alguien que se preocupa por desarrollar curas efectivas para las enfermedades cr\u00f3nicas, por destinar recursos a curar a los enfermos mentales, en vez de vernos como un puro negocio.<\/strong> Porque tal cual est\u00e1n las cosas, eso es lo que somos.<\/p>\n<p>&nbsp;<\/p>\n<p><strong>Tener que ponerte un pinchazo cada 28 d\u00edas durante el resto de tu vida, no deja de ser una condena.<\/strong> En la c\u00e1rcel, hay una frase que dice as\u00ed: \u201cDe aqu\u00ed se sale\u201d. De la enfermedad mental, no. Esto es duro, pero es as\u00ed.<\/p>\n<p>&nbsp;<\/p>\n<p>Imaginemos por un momento, que un cient\u00edfico lumbreras desarrolla una vacuna contra el c\u00e1ncer. De manera, que si te pones esa vacuna, ya no te puede afectar ning\u00fan tipo de c\u00e1ncer. Es por poner un ejemplo. \u00bfNos damos cuenta de lo que eso supone? Ello supondr\u00eda, que todos los m\u00e9dicos especialistas en oncolog\u00eda, deber\u00edan marcharse a su casa, porque se habr\u00eda acabado el trabajo para ellos, al erradicar la enfermedad. Adem\u00e1s, todas las empresas y trabajadores que desarrollan m\u00e1quinas para el tratamiento del c\u00e1ncer, como la radioterapia por ejemplo, deber\u00edan marcharse a su casa tambi\u00e9n. Las compa\u00f1\u00edas farmac\u00e9uticas que desarrollan tratamientos contra el c\u00e1ncer, como la quimioterapia, a su casa tambi\u00e9n. Los hospitales especializados en el tratamiento del c\u00e1ncer, como el M.D. Anderson Center de Houston con sus 20000 trabajadores, lo cerramos, y como ese otros muchos.<\/p>\n<p>&nbsp;<\/p>\n<p>Entonces, la pregunta que yo me hago es la siguiente: \u00bfLa clase pol\u00edtica, en que tesitura se halla? \u00bfHay un error de concepto en cuanto a tratar las enfermedades y no curarlas? O por el contrario \u00bfSe trata de mantener el sistema as\u00ed y ayudar a las empresas farmac\u00e9uticas a maximizar beneficios y mantener todos esos puestos de trabajo que he mencionado anteriormente? <strong>\u00bfRealmente les interesa curar las enfermedades? Es m\u00e1s, \u00bfLa sociedad quiere se curen esas enfermedades? O \u00bfhay unos intereses creados en torno a ellas?<\/strong><\/p>\n<p>&nbsp;<\/p>\n<p><em>Balbino Monle\u00f3n Mech\u00f3<\/em><\/p>\n<p>&nbsp;<\/p>\n","protected":false},"excerpt":{"rendered":"<p>Me llamo Balbino Monle\u00f3n y tengo una enfermedad mental. El otro d\u00eda, cay\u00f3 en mis manos una publicaci\u00f3n que dec\u00eda que hay que destinar m\u00e1s recursos a la salud mental. Porque vamos muy por detr\u00e1s de los pa\u00edses de nuestro entorno. &nbsp; En cuanto a cirug\u00edas y trasplantes, somos un pa\u00eds pionero y en ese [&hellip;]<\/p>\n","protected":false},"author":1,"featured_media":3888,"comment_status":"open","ping_status":"closed","sticky":false,"template":"","format":"standard","meta":{"_acf_changed":false,"give_campaign_id":0,"_seopress_robots_primary_cat":"","_seopress_titles_title":"","_seopress_titles_desc":"","_seopress_robots_index":"","footnotes":""},"categories":[41],"tags":[],"class_list":["post-3887","post","type-post","status-publish","format-standard","has-post-thumbnail","hentry","category-blog-salud-mental"],"acf":[],"_links":{"self":[{"href":"https:\/\/www.fundacionmanantial.org\/en\/wp-json\/wp\/v2\/posts\/3887","targetHints":{"allow":["GET"]}}],"collection":[{"href":"https:\/\/www.fundacionmanantial.org\/en\/wp-json\/wp\/v2\/posts"}],"about":[{"href":"https:\/\/www.fundacionmanantial.org\/en\/wp-json\/wp\/v2\/types\/post"}],"author":[{"embeddable":true,"href":"https:\/\/www.fundacionmanantial.org\/en\/wp-json\/wp\/v2\/users\/1"}],"replies":[{"embeddable":true,"href":"https:\/\/www.fundacionmanantial.org\/en\/wp-json\/wp\/v2\/comments?post=3887"}],"version-history":[{"count":0,"href":"https:\/\/www.fundacionmanantial.org\/en\/wp-json\/wp\/v2\/posts\/3887\/revisions"}],"wp:featuredmedia":[{"embeddable":true,"href":"https:\/\/www.fundacionmanantial.org\/en\/wp-json\/wp\/v2\/media\/3888"}],"wp:attachment":[{"href":"https:\/\/www.fundacionmanantial.org\/en\/wp-json\/wp\/v2\/media?parent=3887"}],"wp:term":[{"taxonomy":"category","embeddable":true,"href":"https:\/\/www.fundacionmanantial.org\/en\/wp-json\/wp\/v2\/categories?post=3887"},{"taxonomy":"post_tag","embeddable":true,"href":"https:\/\/www.fundacionmanantial.org\/en\/wp-json\/wp\/v2\/tags?post=3887"}],"curies":[{"name":"wp","href":"https:\/\/api.w.org\/{rel}","templated":true}]}}