{"id":3885,"date":"2021-01-20T11:35:43","date_gmt":"2021-01-20T10:35:43","guid":{"rendered":"https:\/\/www.fundacionmanantial.org\/las-acciones-expresan-nuestras-prioridades\/"},"modified":"2021-01-20T11:35:43","modified_gmt":"2021-01-20T10:35:43","slug":"las-acciones-expresan-nuestras-prioridades","status":"publish","type":"post","link":"https:\/\/www.fundacionmanantial.org\/en\/las-acciones-expresan-nuestras-prioridades\/","title":{"rendered":"Las acciones expresan nuestras prioridades"},"content":{"rendered":"<p><strong>Gandhi cre\u00eda que la filosof\u00eda de cada uno se expresa a trav\u00e9s de sus acciones.<\/strong> Precisamente, <strong>con nuestras acciones damos cuenta de la prioridad del Centro de Rehabilitaci\u00f3n Laboral \u201cSan Blas\u201d.<\/strong><\/p>\n<p><strong>No ha sido un a\u00f1o f\u00e1cil para nadie.<\/strong> Si antes hab\u00eda mucha gente desprotegida, vulnerable, <strong>este escenario ha supuesto un incremento de desamparo mucho m\u00e1s notable.<\/strong> La parte positiva de todo esto es que <strong>la comunidad ha unido fuerzas.<\/strong> Ha generado nuevos recursos para ayudar a toda la poblaci\u00f3n necesitada. Nosotros nos hacemos cargo de la realidad que palpamos y, despu\u00e9s de 7\u00a0a\u00f1os de trabajo, <strong>hemos conseguido formar parte de este tejido comunitario que se ha desarrollado tan poco a poco, con mucho esfuerzo.<\/strong><\/p>\n<p>Pese a la situaci\u00f3n,\u00a0<strong>lejos de parar nuestro trabajo, hemos afianzado y creado nuevas redes.<\/strong> En total <strong>hemos trabajando con siete entidades diferentes, as\u00ed como familias del barrio que se han acercado directamente a nuestro recurso.<\/strong>\u00a0Todo esto, se ha traducido en la <strong>entrega de 1.534 juguetes y material escolar<\/strong>, incluyendo aqu\u00ed la <strong>donaci\u00f3n de\u00a0juguetes que se han enviado a Rep\u00fablica Dominicana.<\/strong><\/p>\n<p><strong>De la creaci\u00f3n de estas relaciones han surgido nuevos proyectos, nuevas sinergias.<\/strong> Gracias a nuestra querida Nuria Hern\u00e1ndez (directora del CEIP Ram\u00f3n de Valle Incl\u00e1n), <strong>nuestros usuarios y sus familias pudieron disfrutar de un men\u00fa navide\u00f1o a cargo de la <a href=\"https:\/\/twitter.com\/WCKitchen\" target=\"_blank\" rel=\"noopener\">Fundaci\u00f3n World Central Kitchen<\/a> del reconocido chef espa\u00f1ol <a href=\"https:\/\/twitter.com\/chefjoseandres?ref_src=twsrc%5Egoogle%7Ctwcamp%5Eserp%7Ctwgr%5Eauthor\" target=\"_blank\" rel=\"noopener\">Jos\u00e9 Andr\u00e9s<\/a>.<\/strong>\u00a0Estamos muy satisfechos porque tambi\u00e9n t<strong>uvimos oportunidad de entregar nuestros juguetes a los ni\u00f1os y ni\u00f1as que acompa\u00f1aban a sus familias a por su men\u00fa de Navidad.<\/strong><\/p>\n<p>Esto nos demuestra que <strong>la propia comunidad es generadora de nuevos recursos, en la que todos tenemos cabida.<\/strong> Esto nos demuestra una vez m\u00e1s que <strong>las acciones expresan nuestras prioridades.<\/strong><\/p>\n<p><strong>Gracias a todas las personas y entidades que han confiado en nosotros y nos han ayudado a que nuestro trabajo llegue a muchas familias necesitadas.<\/strong><\/p>\n<p>Y ahora, <strong>\u00a1\u00a1a por el 2021!!<\/strong><\/p>\n<p>&nbsp;<\/p>\n<p><em>Marisol Fern\u00e1ndez. Maestra de taller del Rinc\u00f3n del Juguete del Centro de Rehabilitaci\u00f3n Laboral \u201cSan Blas\u201d<\/em><\/p>\n<p>&nbsp;<\/p>\n","protected":false},"excerpt":{"rendered":"<p>Gandhi cre\u00eda que la filosof\u00eda de cada uno se expresa a trav\u00e9s de sus acciones. Precisamente, con nuestras acciones damos cuenta de la prioridad del Centro de Rehabilitaci\u00f3n Laboral \u201cSan Blas\u201d. No ha sido un a\u00f1o f\u00e1cil para nadie. Si antes hab\u00eda mucha gente desprotegida, vulnerable, este escenario ha supuesto un incremento de desamparo mucho [&hellip;]<\/p>\n","protected":false},"author":1,"featured_media":3886,"comment_status":"open","ping_status":"closed","sticky":false,"template":"","format":"standard","meta":{"_acf_changed":false,"give_campaign_id":0,"_seopress_robots_primary_cat":"","_seopress_titles_title":"","_seopress_titles_desc":"","_seopress_robots_index":"","footnotes":""},"categories":[41],"tags":[],"class_list":["post-3885","post","type-post","status-publish","format-standard","has-post-thumbnail","hentry","category-blog-salud-mental"],"acf":[],"_links":{"self":[{"href":"https:\/\/www.fundacionmanantial.org\/en\/wp-json\/wp\/v2\/posts\/3885","targetHints":{"allow":["GET"]}}],"collection":[{"href":"https:\/\/www.fundacionmanantial.org\/en\/wp-json\/wp\/v2\/posts"}],"about":[{"href":"https:\/\/www.fundacionmanantial.org\/en\/wp-json\/wp\/v2\/types\/post"}],"author":[{"embeddable":true,"href":"https:\/\/www.fundacionmanantial.org\/en\/wp-json\/wp\/v2\/users\/1"}],"replies":[{"embeddable":true,"href":"https:\/\/www.fundacionmanantial.org\/en\/wp-json\/wp\/v2\/comments?post=3885"}],"version-history":[{"count":0,"href":"https:\/\/www.fundacionmanantial.org\/en\/wp-json\/wp\/v2\/posts\/3885\/revisions"}],"wp:featuredmedia":[{"embeddable":true,"href":"https:\/\/www.fundacionmanantial.org\/en\/wp-json\/wp\/v2\/media\/3886"}],"wp:attachment":[{"href":"https:\/\/www.fundacionmanantial.org\/en\/wp-json\/wp\/v2\/media?parent=3885"}],"wp:term":[{"taxonomy":"category","embeddable":true,"href":"https:\/\/www.fundacionmanantial.org\/en\/wp-json\/wp\/v2\/categories?post=3885"},{"taxonomy":"post_tag","embeddable":true,"href":"https:\/\/www.fundacionmanantial.org\/en\/wp-json\/wp\/v2\/tags?post=3885"}],"curies":[{"name":"wp","href":"https:\/\/api.w.org\/{rel}","templated":true}]}}