{"id":3881,"date":"2021-01-08T09:46:23","date_gmt":"2021-01-08T08:46:23","guid":{"rendered":"https:\/\/www.fundacionmanantial.org\/por-un-2021-en-el-que-recuperemos-los-abrazos\/"},"modified":"2021-01-08T09:46:23","modified_gmt":"2021-01-08T08:46:23","slug":"por-un-2021-en-el-que-recuperemos-los-abrazos","status":"publish","type":"post","link":"https:\/\/www.fundacionmanantial.org\/en\/por-un-2021-en-el-que-recuperemos-los-abrazos\/","title":{"rendered":"Por un 2021 en el que recuperemos los abrazos"},"content":{"rendered":"<p><strong>Este 2020 ha sido un a\u00f1o duro<\/strong>, donde todos y todas hemos vivido muy de cerca el miedo, la incertidumbre, el aislamiento&#8230; A pesar de todo, <strong>desde el Centro de D\u00eda y Soporte Social\u00a0&#8220;Torrej\u00f3n&#8221; no perdemos la esperanza por seguir trabajando, con la misma fuerza que siempre y con m\u00e1s ilusi\u00f3n que nunca<\/strong>.<\/p>\n<p><strong>En esta ocasi\u00f3n, el Centro no ha podido llenarse de familias, de los ni\u00f1os correteando, invadi\u00e9ndonos con sus risas y nervios por ver a los Reyes Magos y confesar sus secretos<\/strong>. Pero hemos querido <strong>estar\u00a0presentes en el barrio con nuestro Buz\u00f3n Real, a trav\u00e9s del cual hemos hecho llegar a tiempo a Melchor, Gaspar y Baltasar todas las cartas y deseos de los ni\u00f1os y ni\u00f1as de Torrej\u00f3n<\/strong>.<\/p>\n<p>El equipo del Centro de D\u00eda os desea un <strong>Feliz 2021<\/strong>, en el que podamos <strong>recuperar los abrazos y ver las sonrisas de nuevo con mucha salud.<\/strong><\/p>\n<p>Centro de D\u00eda &#8220;Torrej\u00f3n&#8221;<\/p>\n<p>&nbsp;<\/p>\n","protected":false},"excerpt":{"rendered":"<p>Este 2020 ha sido un a\u00f1o duro, donde todos y todas hemos vivido muy de cerca el miedo, la incertidumbre, el aislamiento&#8230; A pesar de todo, desde el Centro de D\u00eda y Soporte Social\u00a0&#8220;Torrej\u00f3n&#8221; no perdemos la esperanza por seguir trabajando, con la misma fuerza que siempre y con m\u00e1s ilusi\u00f3n que nunca. En esta [&hellip;]<\/p>\n","protected":false},"author":1,"featured_media":3882,"comment_status":"open","ping_status":"closed","sticky":false,"template":"","format":"standard","meta":{"_acf_changed":false,"give_campaign_id":0,"_seopress_robots_primary_cat":"","_seopress_titles_title":"","_seopress_titles_desc":"","_seopress_robots_index":"","footnotes":""},"categories":[41],"tags":[],"class_list":["post-3881","post","type-post","status-publish","format-standard","has-post-thumbnail","hentry","category-blog-salud-mental"],"acf":[],"_links":{"self":[{"href":"https:\/\/www.fundacionmanantial.org\/en\/wp-json\/wp\/v2\/posts\/3881","targetHints":{"allow":["GET"]}}],"collection":[{"href":"https:\/\/www.fundacionmanantial.org\/en\/wp-json\/wp\/v2\/posts"}],"about":[{"href":"https:\/\/www.fundacionmanantial.org\/en\/wp-json\/wp\/v2\/types\/post"}],"author":[{"embeddable":true,"href":"https:\/\/www.fundacionmanantial.org\/en\/wp-json\/wp\/v2\/users\/1"}],"replies":[{"embeddable":true,"href":"https:\/\/www.fundacionmanantial.org\/en\/wp-json\/wp\/v2\/comments?post=3881"}],"version-history":[{"count":0,"href":"https:\/\/www.fundacionmanantial.org\/en\/wp-json\/wp\/v2\/posts\/3881\/revisions"}],"wp:featuredmedia":[{"embeddable":true,"href":"https:\/\/www.fundacionmanantial.org\/en\/wp-json\/wp\/v2\/media\/3882"}],"wp:attachment":[{"href":"https:\/\/www.fundacionmanantial.org\/en\/wp-json\/wp\/v2\/media?parent=3881"}],"wp:term":[{"taxonomy":"category","embeddable":true,"href":"https:\/\/www.fundacionmanantial.org\/en\/wp-json\/wp\/v2\/categories?post=3881"},{"taxonomy":"post_tag","embeddable":true,"href":"https:\/\/www.fundacionmanantial.org\/en\/wp-json\/wp\/v2\/tags?post=3881"}],"curies":[{"name":"wp","href":"https:\/\/api.w.org\/{rel}","templated":true}]}}