{"id":3879,"date":"2021-01-08T07:58:59","date_gmt":"2021-01-08T06:58:59","guid":{"rendered":"https:\/\/www.fundacionmanantial.org\/mi-insondable-decision-del-ser\/"},"modified":"2021-01-08T07:58:59","modified_gmt":"2021-01-08T06:58:59","slug":"mi-insondable-decision-del-ser","status":"publish","type":"post","link":"https:\/\/www.fundacionmanantial.org\/en\/mi-insondable-decision-del-ser\/","title":{"rendered":"Mi insondable decisi\u00f3n del ser"},"content":{"rendered":"<p>Hoy hablaba con mi psicoanalista de esta frase de Lacan que siempre me ha resultado tan enigm\u00e1tica, ella pon\u00eda palabras para desmontar un poco el enigma, y me dec\u00eda que estas palabras apuntan a algo indescifrable, insondable en tanto que no se puede ubicar, <strong>no en tanto culpa o responsabilidad que era como yo la entend\u00eda.<\/strong><\/p>\n<p><strong>Quiz\u00e1, ahora empiezo a pensar que el trabajo de un an\u00e1lisis desde la psicosis requiera de alguna manera de tratar de cernir algo de este origen, de bucear y tratar de entender algo de esta causa, de esta decisi\u00f3n.<\/strong><\/p>\n<p>Para poder sostenerme en mi vida con esta estructura tengo que hacer un exhaustivo trabajo de elaboraci\u00f3n, de remiendo, y cuando lo hago <strong>pienso en mis compa\u00f1eros, en todos los que no han tenido la oportunidad de poner en palabras su dolor ni sus traumas, que sobreviven sin este apoyo que para m\u00ed es como el aire que necesito para respirar<\/strong>, y pienso en ellos como h\u00e9roes en medio de una g\u00e9lida tormenta.<\/p>\n<p>Despu\u00e9s de 27 a\u00f1os de trabajo anal\u00edtico se podr\u00eda pensar que casi no hay posibilidad de que algo nuevo surja, de que algo importante aparezca y te permita entender algo desde un prisma nuevo, yo misma lo pensaba hasta hace unas semanas, m\u00e1s bien <strong>pensaba que el trabajo de ahora consist\u00eda en una labor de contenci\u00f3n y de reordenar las piezas<\/strong>.<\/p>\n<p>Y aqu\u00ed estoy sorprendida otra vez por mi inconsciente, <strong>encajando una nueva verdad que me ayuda a entenderme, a entender mi psicosis y cierne algo sobre esa \u201cinsondable decisi\u00f3n del ser\u201d<\/strong> perdida en lo m\u00e1s profundo de la estructura.<\/p>\n<p>Hace unos d\u00edas surgi\u00f3 una poderosa escena en mi an\u00e1lisis, apareci\u00f3 al hilo de una frase que yo pronunci\u00e9: <strong>\u201cno entiendo por qu\u00e9 a veces no s\u00e9 defenderme de qui\u00e9n abusa de m\u00ed\u201d<\/strong> e inmediatamente apareci\u00f3 una escena de abuso sexual en la infancia que se sit\u00faa en la contingencia de la muerte de mi abuelo, el mayor referente afectivo para m\u00ed de mi infancia.<\/p>\n<p>Al pensar por qu\u00e9 tanto tiempo silenciada le digo a mi analista, porque estaba alojada en otro yo y me doy cuenta del momento, en que <strong>de alguna forma y para sobrevivir, coloco esta escena en otro yo, hago como si este hecho que tiene estatuto de trauma le hubiera ocurrido a otra persona porque se torna para m\u00ed en algo imposible de asimilar.<\/strong><\/p>\n<p>Y aqu\u00ed se sit\u00faa el verdadero estallido de mi estructura, el momento de la forclusi\u00f3n en t\u00e9rminos lacanianos, <strong>frente a un trauma en lo real, de algo que no puedo elaborar, se sit\u00faa la respuesta del rechazo a esta experiencia coloc\u00e1ndolo en otro lugar, produci\u00e9ndose la disociaci\u00f3n del yo.<\/strong><\/p>\n<p>Hay un rechazo, un borramiento del trauma, hago como si le hubiera ocurrido a otra persona, pero pagando un precio muy alto: la disociaci\u00f3n del yo, la rotura de la cadena significante, <strong>este es el eslab\u00f3n perdido<\/strong>.<\/p>\n<p>El resto de esta operaci\u00f3n ps\u00edquica es por un lado un odio tan radical al Otro que me da\u00f1a, que es imposible de elaborar, y ese odio a su vez se convierte en culpa para tapar la escena. As\u00ed el abuso del Otro se convierte en una culpa que lo invade todo, pero una culpa que escapa al sentido y que deviene en mi estructura melanc\u00f3lica.<\/p>\n<p>As\u00ed la culpa est\u00e1 en todos lados, pero desprovista del sentido, por eso <strong>se convierte en una culpa delirante<\/strong>, porque est\u00e1 arrancada de su cadena significante, cuando la inserto y le doy consistencia a esta escena la culpa desaparece.<\/p>\n<p>Por lo tanto, <strong>el estallido de la psicosis, el momento de la rotura se salda con la disociaci\u00f3n del yo y con una culpa delirante que lo va a invadir todo a partir de ese momento.<\/strong><\/p>\n<p>No digo que la estructura psic\u00f3tica no estuviera con anterioridad, estaba el caldo de cultivo para esta explosi\u00f3n, <strong>una ni\u00f1a que sab\u00eda lo que era el rechazo del otro familiar, incapaz de hablar con el semejante, con muchas fobias, que se aislaba en su silencio.<\/strong><\/p>\n<p>La vulnerabilidad ya estaba de antes, pero el estallido sucede en este momento, en que hay un hombre casi adulto que me conduce a una escena sexual imposible de entender para una ni\u00f1a como yo, muy infantilizada, que realmente no respond\u00eda a esos 11 a\u00f1os, sino que a lo mejor podr\u00eda ser equivalente a una madurez de unos seis a\u00f1os.<\/p>\n<p>En esta escena, se anudan adem\u00e1s la sexualidad, la muerte y el goce convirti\u00e9ndose en un real puro, que queda oculto, mediante la culpa, <strong>como un enigma, como algo sin elaborar porque fue imposible<\/strong>.<\/p>\n<p>La disociaci\u00f3n del yo en los momentos de desencadenamiento y la culpa delirante, que aparece en contextos que no tienen una l\u00f3gica o explicaci\u00f3n posible, son los dos s\u00edntomas m\u00e1s importantes que aparecen cuando mi psicosis se desencadena.<\/p>\n<p>Los desencadenamientos se producen siempre cuando hay un exceso y a la vez siento una hostilidad muy fuerte de la realidad, quiz\u00e1s de hostilidad y de exceso tambi\u00e9n est\u00e1 te\u00f1ida esa escena, por tanto, <strong>el desencadenamiento responde siempre a una l\u00f3gica que hasta hoy no pod\u00eda desentra\u00f1ar del todo.<\/strong><\/p>\n<p>Cuando recupero y asumo esta escena en el an\u00e1lisis, lo delirante desaparece porque ya tiene un sentido al que estar abrochado.<\/p>\n<p><strong>Entender la l\u00f3gica me hace trabajar en el sentido correcto<\/strong>, es decir, pensar que, <strong>si logro incorporar de alguna forma esta escena, si la logro asumir como propia, si dejo de rechazarla y la inserto en su lugar pueda vivir de forma m\u00e1s digna.<\/strong><\/p>\n<p>Entender esta forclusi\u00f3n, este rechazo, esta disociaci\u00f3n que tuve que inventar para sobrevivir, esta culpa tramposa que estaba al servicio de ocultar este trauma, cambia muchas cosas.<\/p>\n<p><strong>Desde esta escena puedo entender muchas de las vicisitudes por las que he pasado en la vida, una vida que ha estado cargada de sufrimiento, porque mi existencia ha sido un viaje por el peor de los infiernos, perdida en un vac\u00edo inconmensurable hasta que encontr\u00e9 el Psicoan\u00e1lisis.<\/strong><\/p>\n<p><strong>El s\u00edntoma desprovisto de su sentido, arrancado de su cadena, es locura y caos, pero colocarlo en su lugar pacifica el dolor y frena la disociaci\u00f3n y la culpa.<\/strong><\/p>\n<p><strong>El an\u00e1lisis no es ning\u00fan camino de rosas,<\/strong> para m\u00ed es un trabajo arduo, desolador por momentos, que me deja exhausta, pero yo no he encontrado un camino mejor para tener una vida m\u00e1s digna, para poder, a pesar de mi estructura, estar en el mundo.<\/p>\n<p><strong>Las personas con psicosis cargamos un peso muy grande<\/strong>, pero podemos encontrar de la mano de un buen psicoanalista un lugar donde depositar parte de esa carga y hacer nuestro camino un poco m\u00e1s vivible, incluso encontrar la alegr\u00eda y el amor por la vida a pesar de los designios que parec\u00edan estar escritos.<\/p>\n<p>Yo he encontrado en mi an\u00e1lisis respuesta a muchas preguntas, pero sobre todo he encontrado un discurso que me hace ser un sujeto, asumo que mi sendero tiene peligros, que el abismo del desencadenamiento est\u00e1 ah\u00ed y que cuando viene me duele mucho, pero <strong>a pesar de todo esta vida merece la pena ser vivida<\/strong>.<\/p>\n<p>He encontrado un trabajo que me apasiona y ayuda a otros, reconocimiento profesional, tengo los mejores amigos del mundo que no me dejan caer en los malos momentos, compa\u00f1eros maravillosos que me dan fuerza, <strong>no puedo dejar de ver lo afortunada que soy, a pesar de la psicosis.<\/strong><\/p>\n<p>Mi estructura me ha ense\u00f1ado a entender a los ni\u00f1os, <strong>a saber el cuidado que tenemos que tener con la infancia,<\/strong> lo fr\u00e1giles que somos ah\u00ed porque dependemos del capricho del Otro para sobrevivir, y tambi\u00e9n a acompa\u00f1ar y a cuidar al otro desde el respeto.<\/p>\n<p>Si no hubiera tenido esta estructura no sabr\u00eda todo lo que s\u00e9, ni ser\u00eda nada de lo que soy, <strong>me gusta ser Silvia a pesar de todo, me gusta la Silvia que soy, la que he construido a lo largo de mi an\u00e1lisis y estoy orgullosa de ella<\/strong>.<\/p>\n<p>Como dice mi querida amiga Marga, <strong>tienes que seguir luchando porque tu testimonio les sirve a otros<\/strong>;\u00a0como dice mi querida amiga Mar, Silvia busca la luz, y en eso estoy, busc\u00e1ndola, a pesar de que a veces me pierdo en la espesura, pero <strong>el discurso anal\u00edtico me ayuda a encontrarme siempre<\/strong>.<\/p>\n<p>Ahora entiendo la frase de Lacan, decisi\u00f3n insondable en tanto imposible de recuperar, decisi\u00f3n insondable cuando todav\u00eda no hay sujeto, es verdad, pero algo de <strong>esa decisi\u00f3n se puede cernir para encontrar un sentido, seguir sus huellas para que la psicosis te haga el menor da\u00f1o posible y fortalecer tu sujeto, esto es lo que me sirve a m\u00ed para vivir.<\/strong><\/p>\n<p>&nbsp;<\/p>\n<p>Silvia Garc\u00eda Esteban<\/p>\n<p><em>Silvia es mediadora de lectura con pacientes psiqui\u00e1tricos, responsable de un taller de lectura en el CSM de Hortaleza, y activista y formadora en Salud Mental como experta en primera persona para profesionales y conferenciante en el campo de la literatura y la salud mental.\u00a0Colaboradora de la Fundaci\u00f3n Manantial en formaciones, actos de sensibilizaci\u00f3n y congresos. Pertenece a\u00a0a la Secci\u00f3n Psicoan\u00e1lisis de la AEN y colabora con el Instituto Europeo de Salud Mental Perinatal y su proyecto de prevenci\u00f3n de la\u00a0<a href=\"http:\/\/www.psicosispostparto.org\/\" target=\"_blank\" rel=\"noopener\">psicosis postparto<\/a>.<\/em><\/p>\n<p>&nbsp;<\/p>\n","protected":false},"excerpt":{"rendered":"<p>Hoy hablaba con mi psicoanalista de esta frase de Lacan que siempre me ha resultado tan enigm\u00e1tica, ella pon\u00eda palabras para desmontar un poco el enigma, y me dec\u00eda que estas palabras apuntan a algo indescifrable, insondable en tanto que no se puede ubicar, no en tanto culpa o responsabilidad que era como yo la [&hellip;]<\/p>\n","protected":false},"author":1,"featured_media":3880,"comment_status":"open","ping_status":"closed","sticky":false,"template":"","format":"standard","meta":{"_acf_changed":false,"give_campaign_id":0,"_seopress_robots_primary_cat":"","_seopress_titles_title":"","_seopress_titles_desc":"","_seopress_robots_index":"","footnotes":""},"categories":[41],"tags":[],"class_list":["post-3879","post","type-post","status-publish","format-standard","has-post-thumbnail","hentry","category-blog-salud-mental"],"acf":[],"_links":{"self":[{"href":"https:\/\/www.fundacionmanantial.org\/en\/wp-json\/wp\/v2\/posts\/3879","targetHints":{"allow":["GET"]}}],"collection":[{"href":"https:\/\/www.fundacionmanantial.org\/en\/wp-json\/wp\/v2\/posts"}],"about":[{"href":"https:\/\/www.fundacionmanantial.org\/en\/wp-json\/wp\/v2\/types\/post"}],"author":[{"embeddable":true,"href":"https:\/\/www.fundacionmanantial.org\/en\/wp-json\/wp\/v2\/users\/1"}],"replies":[{"embeddable":true,"href":"https:\/\/www.fundacionmanantial.org\/en\/wp-json\/wp\/v2\/comments?post=3879"}],"version-history":[{"count":0,"href":"https:\/\/www.fundacionmanantial.org\/en\/wp-json\/wp\/v2\/posts\/3879\/revisions"}],"wp:featuredmedia":[{"embeddable":true,"href":"https:\/\/www.fundacionmanantial.org\/en\/wp-json\/wp\/v2\/media\/3880"}],"wp:attachment":[{"href":"https:\/\/www.fundacionmanantial.org\/en\/wp-json\/wp\/v2\/media?parent=3879"}],"wp:term":[{"taxonomy":"category","embeddable":true,"href":"https:\/\/www.fundacionmanantial.org\/en\/wp-json\/wp\/v2\/categories?post=3879"},{"taxonomy":"post_tag","embeddable":true,"href":"https:\/\/www.fundacionmanantial.org\/en\/wp-json\/wp\/v2\/tags?post=3879"}],"curies":[{"name":"wp","href":"https:\/\/api.w.org\/{rel}","templated":true}]}}