{"id":3878,"date":"2021-01-12T10:44:40","date_gmt":"2021-01-12T09:44:40","guid":{"rendered":"https:\/\/www.fundacionmanantial.org\/producciones-crl-torrejon-el-viaje-naufrago-y-dice-usted\/"},"modified":"2021-01-12T10:44:40","modified_gmt":"2021-01-12T09:44:40","slug":"producciones-crl-torrejon-el-viaje-naufrago-y-dice-usted","status":"publish","type":"post","link":"https:\/\/www.fundacionmanantial.org\/en\/producciones-crl-torrejon-el-viaje-naufrago-y-dice-usted\/","title":{"rendered":"Producciones CRL Torrej\u00f3n: &#8220;El viaje&#8221;, &#8220;N\u00e1ufrago&#8221;, &#8220;Y dice usted&#8221;"},"content":{"rendered":"<p>Desde los meses del confinamiento, <strong>aderezamos las videoconferencias del grupo de talleres con conversaciones sobre cine, primero como tema recurrente, despu\u00e9s como un motivo m\u00e1s de conexi\u00f3n con espacio propio<\/strong>. De vuelta al Centro de Rehabilitaci\u00f3n Laboral, y a la hora de plantearnos un Proyecto de Gran Envergadura (PGE) 2020, <strong>se ponen en evidencia las muchas dificultades que impone la pandemia por el distanciamiento, reducci\u00f3n y brevedad que exige la salud, en el nuevo estilo de trato entre las personas&#8230;\u00a0Esta situaci\u00f3n in\u00e9dita, ins\u00f3lita y esperp\u00e9ntica, pide a cada momento ser contada a trav\u00e9s de cualquier medio de expresi\u00f3n.<\/strong> La abundancia de versiones de esta experiencia en canciones, v\u00eddeos, dibujos, escritos&#8230; No quita valor ni necesidad cada vez que damos la nuestra, porque no tratamos la pandemia desde un punto de vista objetivo, si no que <strong>contamos una historia reciente, desde el aporte de lo que al conjunto del grupo le sugiere, y lo hacemos a nuestro estilo ir\u00f3nico, humor\u00edstico, desenfadado y profundamente aut\u00e9ntico.<\/strong> Se\u00f1as de identidad que se alcanzan cuando de una forma natural, la idea inicial, va filtrando entre las personas que est\u00e1n relacionadas por el denominador com\u00fan de &#8220;la gente de talleres&#8221; para <strong>acabar conformando un grupo de &#8220;Producciones CRL Torrej\u00f3n&#8221;, que se consolida y hace fuerte en tanto la mecha ha prendido y el entusiasmo por superar obst\u00e1culos, consigue movilizar una maquinaria creativa para plasmar en pel\u00edculas, las historias que la imaginaci\u00f3n colectiva ha construido desde unos m\u00ednimos propuestos.<\/strong><\/p>\n<p>&nbsp;<\/p>\n<p>Nuestro proyecto parte de tres reuniones, en la primera, como siempre en el PGE, <strong>se lanza la idea de hacer un corto para ver la acogida del grupo de talleres.<\/strong> Este a\u00f1o la propuesta es distinta, porque se trata de un producto intelectual frente a otras ocasiones, en la que se trataba de construir algo f\u00edsico. Esto conlleva que, para la segunda reuni\u00f3n, se traiga una historia elaborada para empezar a pensar como la vamos a recrear. Esa reuni\u00f3n lleva a considerar <strong>tres puntos de vista distintos que convergen en la ficci\u00f3n de c\u00f3mo una persona (Na\u00fafrago, Aldeana o Viajera en el tiempo), ajena a la pandemia, se enfrenta a ella como un hecho consumado.<\/strong> Desde el momento en que <strong>se decide llevar a cabo las 3 historias, se generan 3 subgrupos comprometidos e identificados con su relato, sin merma del trabajo en equipo, ya que el 70% del metraje es com\u00fan a los 3 cortos.<\/strong><\/p>\n<p>&nbsp;<\/p>\n<p>En la 3\u00aa reuni\u00f3n, partimos de seguir hablando de c\u00f3mo ponernos en marcha y es el propio grupo el que se rebela contra tanta abstracci\u00f3n, exigiendo que en esa misma sesi\u00f3n lleguemos a tener algo filmado, para poder entender de forma tangible que realmente estamos haciendo algo m\u00e1s all\u00e1 de hablar. <strong>Es el impulso del grupo el que nos hace romper del planteamiento al acto y lo hace de una manera eficaz apropi\u00e1ndose del Proyecto.<\/strong> Ese mismo d\u00eda, metemos una marcha m\u00e1s, y grabamos escenas de confinamiento como la cola de la panader\u00eda, encuentros en el parque con saludos de codo y establecemos un plan de trabajo para grabar confinamiento y desescalada en los pr\u00f3ximos d\u00edas, en funci\u00f3n de la meteorolog\u00eda y la disposici\u00f3n de actores principales y figurantes.<\/p>\n<p>&nbsp;<\/p>\n<p>Los martes y viernes a las 10 hay reuniones de puesta al d\u00eda de la marcha de los proyectos y despu\u00e9s rodaje. El resto de los d\u00edas se trabaja en el interior la elecci\u00f3n y edici\u00f3n de material filmado, los guiones y las locuciones. <strong>Estas tareas de interior generan una actividad colectiva en la que gran parte del reparto tiene un papel, ya sea doblar una voz, corregir guiones, buscar un fondo musical, visionados previos, adem\u00e1s de los trabajos de edici\u00f3n y montaje<\/strong> que en principio est\u00e1n asignados, pero que a lo largo del proceso han tenido que ser sustituidos por salidas del taller a formaci\u00f3n, empleo, baja m\u00e9dica&#8230;etc. <strong>Esta realidad, en un contexto como el que tenemos, ha supuesto un extra de log\u00edstica para establecer turnos por cuestiones de aforo limitado y protocolos de higiene que se han llevado a cabo sin detrimento del rendimiento.<\/strong> No en vano, toda esta situaci\u00f3n,&#8221;hiji\u00f1o&#8221;, es el hilo conductor de nuestras pel\u00edculas.<\/p>\n<p>&nbsp;<\/p>\n<p>Los aciertos y errores en el arte final que os invitamos a disfrutar, son del colectivo de participantes en el proyecto, no ha habido ning\u00fan filtro individual que limite o corrija. <strong>Es un producto de la variedad de gente que ha intervenido, con la dificultad y satisfacci\u00f3n que genera armonizar lo aut\u00e9ntico.<\/strong><\/p>\n<p><em>Centro de Rehabilitaci\u00f3n Laboral &#8220;Torrej\u00f3n&#8221;<\/em><\/p>\n<p>&nbsp;<\/p>\n<p><iframe title=\"&quot;El viaje&quot; - Producciones CRL Torrej\u00f3n\" width=\"500\" height=\"281\" src=\"https:\/\/www.youtube.com\/embed\/RwAN3XoU5HA?list=PLMQOAQMRcYzjyr94CBtzLxkRLPokUh8wY\" frameborder=\"0\" allow=\"accelerometer; autoplay; clipboard-write; encrypted-media; gyroscope; picture-in-picture; web-share\" referrerpolicy=\"strict-origin-when-cross-origin\" allowfullscreen><\/iframe><\/p>\n<p><iframe title=\"N\u00e1ufrago - Producciones CRL Torrej\u00f3n\" width=\"500\" height=\"281\" src=\"https:\/\/www.youtube.com\/embed\/WpHzlcJHXws?list=PLMQOAQMRcYzjyr94CBtzLxkRLPokUh8wY\" frameborder=\"0\" allow=\"accelerometer; autoplay; clipboard-write; encrypted-media; gyroscope; picture-in-picture; web-share\" referrerpolicy=\"strict-origin-when-cross-origin\" allowfullscreen><\/iframe><\/p>\n<p><iframe title=\"&quot;Y dice usted&quot; - Producciones CRL Torrej\u00f3n\" width=\"500\" height=\"281\" src=\"https:\/\/www.youtube.com\/embed\/62q_3I4G2HA?list=PLMQOAQMRcYzjyr94CBtzLxkRLPokUh8wY\" frameborder=\"0\" allow=\"accelerometer; autoplay; clipboard-write; encrypted-media; gyroscope; picture-in-picture; web-share\" referrerpolicy=\"strict-origin-when-cross-origin\" allowfullscreen><\/iframe><\/p>\n","protected":false},"excerpt":{"rendered":"<p>Desde los meses del confinamiento, aderezamos las videoconferencias del grupo de talleres con conversaciones sobre cine, primero como tema recurrente, despu\u00e9s como un motivo m\u00e1s de conexi\u00f3n con espacio propio. De vuelta al Centro de Rehabilitaci\u00f3n Laboral, y a la hora de plantearnos un Proyecto de Gran Envergadura (PGE) 2020, se ponen en evidencia las [&hellip;]<\/p>\n","protected":false},"author":1,"featured_media":0,"comment_status":"open","ping_status":"closed","sticky":false,"template":"","format":"standard","meta":{"_acf_changed":false,"give_campaign_id":0,"_seopress_robots_primary_cat":"","_seopress_titles_title":"","_seopress_titles_desc":"","_seopress_robots_index":"","footnotes":""},"categories":[41],"tags":[],"class_list":["post-3878","post","type-post","status-publish","format-standard","hentry","category-blog-salud-mental"],"acf":[],"_links":{"self":[{"href":"https:\/\/www.fundacionmanantial.org\/en\/wp-json\/wp\/v2\/posts\/3878","targetHints":{"allow":["GET"]}}],"collection":[{"href":"https:\/\/www.fundacionmanantial.org\/en\/wp-json\/wp\/v2\/posts"}],"about":[{"href":"https:\/\/www.fundacionmanantial.org\/en\/wp-json\/wp\/v2\/types\/post"}],"author":[{"embeddable":true,"href":"https:\/\/www.fundacionmanantial.org\/en\/wp-json\/wp\/v2\/users\/1"}],"replies":[{"embeddable":true,"href":"https:\/\/www.fundacionmanantial.org\/en\/wp-json\/wp\/v2\/comments?post=3878"}],"version-history":[{"count":0,"href":"https:\/\/www.fundacionmanantial.org\/en\/wp-json\/wp\/v2\/posts\/3878\/revisions"}],"wp:attachment":[{"href":"https:\/\/www.fundacionmanantial.org\/en\/wp-json\/wp\/v2\/media?parent=3878"}],"wp:term":[{"taxonomy":"category","embeddable":true,"href":"https:\/\/www.fundacionmanantial.org\/en\/wp-json\/wp\/v2\/categories?post=3878"},{"taxonomy":"post_tag","embeddable":true,"href":"https:\/\/www.fundacionmanantial.org\/en\/wp-json\/wp\/v2\/tags?post=3878"}],"curies":[{"name":"wp","href":"https:\/\/api.w.org\/{rel}","templated":true}]}}