{"id":3864,"date":"2023-12-01T10:24:12","date_gmt":"2023-12-01T09:24:12","guid":{"rendered":"https:\/\/www.fundacionmanantial.org\/cortometraje-documental-luciernagas-fundacion-manantial-y-lopezli-films\/"},"modified":"2023-12-01T10:24:12","modified_gmt":"2023-12-01T09:24:12","slug":"cortometraje-documental-luciernagas-fundacion-manantial-y-lopezli-films","status":"publish","type":"post","link":"https:\/\/www.fundacionmanantial.org\/en\/cortometraje-documental-luciernagas-fundacion-manantial-y-lopezli-films\/","title":{"rendered":"Cortometraje documental &#8220;Luci\u00e9rnagas&#8221; &#8211; Fundaci\u00f3n Manantial y LopezLi Films"},"content":{"rendered":"<p>El pr\u00f3ximo<strong> 12 de diciembre<\/strong>, <strong>Fundaci\u00f3n Manantial y LopezLi Films preestrenan el cortometraje documental de \u201cLuci\u00e9rnagas\u201d<\/strong>, un cortometraje documental que ofrece <strong>una mirada nueva, menos recelosa y m\u00e1s humana de las personas con problemas graves de salud mental. <\/strong><\/p>\n<p>Los protagonistas son <strong>luci\u00e9rnagas que conviven con el sufrimiento mental y desde la oscuridad luchan para ser vistas, aceptadas e integradas<\/strong>. A los que albergan la esperanza de que algo les cure de la realidad, les queda un sue\u00f1o: formar parte de ella. <strong>Luci\u00e9rnagas es una luz para acabar con el estigma de la salud mental<\/strong>.<\/p>\n<p>La presentaci\u00f3n se celebrar\u00e1 en un <strong>pase \u00fanico a las 18:00h en la Sala Azcona de <a href=\"https:\/\/www.cinetecamadrid.com\/contacto\" rel=\"noopener\" target=\"_blank\">Cineteca MATADERO<\/a>.<\/strong><\/p>\n<p><iframe title=\"LUCIE\u0301RNAGAS - Tr\u00e1iler documental\" width=\"500\" height=\"281\" src=\"https:\/\/www.youtube.com\/embed\/aDUgYqYldhE?feature=oembed\" frameborder=\"0\" allow=\"accelerometer; autoplay; clipboard-write; encrypted-media; gyroscope; picture-in-picture; web-share\" referrerpolicy=\"strict-origin-when-cross-origin\" allowfullscreen><\/iframe><\/p>\n<p>&nbsp;<\/p>\n<div>\n<strong><a class=\"btn btn-primary\" href=\"https:\/\/www.cinetecamadrid.com\/programacion\/luciernagas\" target=\"_blank\" rel=\"noopener\">Comprar entradas (disponible la venta anticipada pr\u00f3ximamente)&#8221;<br \/>\n<\/a><\/strong><\/p>\n","protected":false},"excerpt":{"rendered":"<p>El pr\u00f3ximo 12 de diciembre, Fundaci\u00f3n Manantial y LopezLi Films preestrenan el cortometraje documental de \u201cLuci\u00e9rnagas\u201d, un cortometraje documental que ofrece una mirada nueva, menos recelosa y m\u00e1s humana de las personas con problemas graves de salud mental. Los protagonistas son luci\u00e9rnagas que conviven con el sufrimiento mental y desde la oscuridad luchan para ser [&hellip;]<\/p>\n","protected":false},"author":1,"featured_media":3865,"comment_status":"closed","ping_status":"closed","sticky":false,"template":"","format":"standard","meta":{"_acf_changed":false,"give_campaign_id":0,"_seopress_robots_primary_cat":"","_seopress_titles_title":"","_seopress_titles_desc":"","_seopress_robots_index":"","footnotes":""},"categories":[34],"tags":[],"class_list":["post-3864","post","type-post","status-publish","format-standard","has-post-thumbnail","hentry","category-noticias-fundacion-manantial"],"acf":[],"_links":{"self":[{"href":"https:\/\/www.fundacionmanantial.org\/en\/wp-json\/wp\/v2\/posts\/3864","targetHints":{"allow":["GET"]}}],"collection":[{"href":"https:\/\/www.fundacionmanantial.org\/en\/wp-json\/wp\/v2\/posts"}],"about":[{"href":"https:\/\/www.fundacionmanantial.org\/en\/wp-json\/wp\/v2\/types\/post"}],"author":[{"embeddable":true,"href":"https:\/\/www.fundacionmanantial.org\/en\/wp-json\/wp\/v2\/users\/1"}],"replies":[{"embeddable":true,"href":"https:\/\/www.fundacionmanantial.org\/en\/wp-json\/wp\/v2\/comments?post=3864"}],"version-history":[{"count":0,"href":"https:\/\/www.fundacionmanantial.org\/en\/wp-json\/wp\/v2\/posts\/3864\/revisions"}],"wp:featuredmedia":[{"embeddable":true,"href":"https:\/\/www.fundacionmanantial.org\/en\/wp-json\/wp\/v2\/media\/3865"}],"wp:attachment":[{"href":"https:\/\/www.fundacionmanantial.org\/en\/wp-json\/wp\/v2\/media?parent=3864"}],"wp:term":[{"taxonomy":"category","embeddable":true,"href":"https:\/\/www.fundacionmanantial.org\/en\/wp-json\/wp\/v2\/categories?post=3864"},{"taxonomy":"post_tag","embeddable":true,"href":"https:\/\/www.fundacionmanantial.org\/en\/wp-json\/wp\/v2\/tags?post=3864"}],"curies":[{"name":"wp","href":"https:\/\/api.w.org\/{rel}","templated":true}]}}