{"id":3862,"date":"2023-11-29T13:25:18","date_gmt":"2023-11-29T12:25:18","guid":{"rendered":"https:\/\/www.fundacionmanantial.org\/la-fundacion-repsol-colabora-con-fundacion-manantial-para-fomentar-la-inclusion-laboral\/"},"modified":"2023-11-29T13:25:18","modified_gmt":"2023-11-29T12:25:18","slug":"la-fundacion-repsol-colabora-con-fundacion-manantial-para-fomentar-la-inclusion-laboral","status":"publish","type":"post","link":"https:\/\/www.fundacionmanantial.org\/en\/la-fundacion-repsol-colabora-con-fundacion-manantial-para-fomentar-la-inclusion-laboral\/","title":{"rendered":"La Fundaci\u00f3n Repsol colabora con Fundaci\u00f3n Manantial para fomentar la inclusi\u00f3n laboral"},"content":{"rendered":"<p>La <a href=\"https:\/\/www.fundacionrepsol.com\/\" rel=\"noopener\" target=\"_blank\">Fundaci\u00f3n Repsol<\/a>, cuya misi\u00f3n es promover y activar proyectos que hacen la transici\u00f3n energ\u00e9tica m\u00e1s eficiente, sostenible, justa e inclusiva\u200b, ha firmado, por segundo a\u00f1o consecutivo, un convenio de colaboraci\u00f3n y voluntariado con Fundaci\u00f3n Manantial para favorecer la empleabilidad y mejor acceso al mercado de trabajo de personas con problemas de salud mental en sectores relacionados con el <strong>Empleo Verde<\/strong>, objetivo alineado con los <strong><a href=\"https:\/\/elastic-antonelli.5-250-189-237.plesk.page\/sala-de-prensa\/fundacion-manantial-comprometida-con-el-desarrollo-sostenible-a-traves-la-agenda-2030-y-el-pacto-mundial-de-la-onu\/\" rel=\"noopener\" target=\"_blank\">Objetivos de Desarrollo Sostenible y la Agenda 2030<\/a>.<\/strong><\/p>\n<p>Para ello, ayudar\u00e1n a Manantial a <strong>complementar e impulsar las l\u00edneas de trabajo que se abordan desde los Centros de Rehabilitaci\u00f3n Laboral<\/strong> gestionados por la entidad para desarrollar las <strong>competencias de impulso a la transformaci\u00f3n, colaboraci\u00f3n transversal, creatividad, creaci\u00f3n de alianzas y diversidad.<\/strong><\/p>\n<p>Por el momento, se han realizado <strong>dos charlas informativas<\/strong>, una presencial y otra online, en octubre y noviembre, impartidas por profesores voluntarios de Fundaci\u00f3n Repsol <strong>sobre el empleo verde, su definici\u00f3n, los tipos que existen, d\u00f3nde ampliar formaci\u00f3n y d\u00f3nde buscar trabajo.<\/strong>. Adem\u00e1s, con el importe aportado por Repsol, se instalar\u00e1 un <strong>sistema de riego en las zonas ajardinadas de los Centros de Atenci\u00f3n Social &#8220;Hortaleza&#8221;<\/strong> eficiente a nivel energ\u00e9tico.<\/p>\n","protected":false},"excerpt":{"rendered":"<p>La Fundaci\u00f3n Repsol, cuya misi\u00f3n es promover y activar proyectos que hacen la transici\u00f3n energ\u00e9tica m\u00e1s eficiente, sostenible, justa e inclusiva\u200b, ha firmado, por segundo a\u00f1o consecutivo, un convenio de colaboraci\u00f3n y voluntariado con Fundaci\u00f3n Manantial para favorecer la empleabilidad y mejor acceso al mercado de trabajo de personas con problemas de salud mental en [&hellip;]<\/p>\n","protected":false},"author":1,"featured_media":3863,"comment_status":"closed","ping_status":"closed","sticky":false,"template":"","format":"standard","meta":{"_acf_changed":false,"give_campaign_id":0,"_seopress_robots_primary_cat":"","_seopress_titles_title":"","_seopress_titles_desc":"","_seopress_robots_index":"","footnotes":""},"categories":[34],"tags":[],"class_list":["post-3862","post","type-post","status-publish","format-standard","has-post-thumbnail","hentry","category-noticias-fundacion-manantial"],"acf":[],"_links":{"self":[{"href":"https:\/\/www.fundacionmanantial.org\/en\/wp-json\/wp\/v2\/posts\/3862","targetHints":{"allow":["GET"]}}],"collection":[{"href":"https:\/\/www.fundacionmanantial.org\/en\/wp-json\/wp\/v2\/posts"}],"about":[{"href":"https:\/\/www.fundacionmanantial.org\/en\/wp-json\/wp\/v2\/types\/post"}],"author":[{"embeddable":true,"href":"https:\/\/www.fundacionmanantial.org\/en\/wp-json\/wp\/v2\/users\/1"}],"replies":[{"embeddable":true,"href":"https:\/\/www.fundacionmanantial.org\/en\/wp-json\/wp\/v2\/comments?post=3862"}],"version-history":[{"count":0,"href":"https:\/\/www.fundacionmanantial.org\/en\/wp-json\/wp\/v2\/posts\/3862\/revisions"}],"wp:featuredmedia":[{"embeddable":true,"href":"https:\/\/www.fundacionmanantial.org\/en\/wp-json\/wp\/v2\/media\/3863"}],"wp:attachment":[{"href":"https:\/\/www.fundacionmanantial.org\/en\/wp-json\/wp\/v2\/media?parent=3862"}],"wp:term":[{"taxonomy":"category","embeddable":true,"href":"https:\/\/www.fundacionmanantial.org\/en\/wp-json\/wp\/v2\/categories?post=3862"},{"taxonomy":"post_tag","embeddable":true,"href":"https:\/\/www.fundacionmanantial.org\/en\/wp-json\/wp\/v2\/tags?post=3862"}],"curies":[{"name":"wp","href":"https:\/\/api.w.org\/{rel}","templated":true}]}}